{"id":16673,"date":"2021-04-19T00:00:04","date_gmt":"2021-04-18T22:00:04","guid":{"rendered":"https:\/\/comunicatur.info\/?p=16673"},"modified":"2021-04-18T11:08:57","modified_gmt":"2021-04-18T09:08:57","slug":"el-pasaporte-covid-no-sera-lo-que-se-esperaba","status":"publish","type":"post","link":"https:\/\/www.comunicatur.info\/es\/el-pasaporte-covid-no-sera-lo-que-se-esperaba\/","title":{"rendered":"El pasaporte Covid no ser\u00e1 lo que se esperaba"},"content":{"rendered":"<p>Ya lo avanz\u00f3 Comunicatur hace casi dos meses, <a href=\"https:\/\/www.comunicatur.info\/es\/el-pasaporte-covid19-puede-tener-gato-encerrado\/\" target=\"_blank\" rel=\"noopener noreferrer\">el Pasaporte Covid ten\u00eda gato encerrado y las expectativas que gener\u00f3 la Comisi\u00f3n Europea en el sector tur\u00edstico cuando lo anunci\u00f3 se diluye por momentos.<\/a><!--more--><\/p>\n<p><img class=\"alignright size-medium wp-image-16524\" src=\"https:\/\/www.comunicatur.info\/wp-content\/uploads\/2021\/03\/certificado_QR_passaport-300x151.jpg\" alt=\"\" width=\"300\" height=\"151\" srcset=\"https:\/\/www.comunicatur.info\/wp-content\/uploads\/2021\/03\/certificado_QR_passaport-300x151.jpg 300w, https:\/\/www.comunicatur.info\/wp-content\/uploads\/2021\/03\/certificado_QR_passaport-768x387.jpg 768w, https:\/\/www.comunicatur.info\/wp-content\/uploads\/2021\/03\/certificado_QR_passaport-1024x516.jpg 1024w, https:\/\/www.comunicatur.info\/wp-content\/uploads\/2021\/03\/certificado_QR_passaport-600x302.jpg 600w, https:\/\/www.comunicatur.info\/wp-content\/uploads\/2021\/03\/certificado_QR_passaport.jpg 1548w\" sizes=\"(max-width: 300px) 100vw, 300px\" \/>En la informaci\u00f3n del pasado 18 de marzo donde analiz\u00e1bamos el denominado \u201cpasaporte digital verde\u201d <a href=\"https:\/\/www.comunicatur.info\/es\/el-pasaporte-sanitario-se-queda-en-un-mero-simplificador-burocratico\/\" target=\"_blank\" rel=\"noopener noreferrer\">advertimos que esta herramienta no abrir\u00eda las fronteras a los viajes y simplemente supondr\u00eda un aglutinador de documentaci\u00f3n.<\/a> El pasaporte sanitario se queda en un mero simplificador burocr\u00e1tico.<\/p>\n<p>Se confirma que los estados de la Uni\u00f3n Europea se reservar\u00e1n su derecho a imponer restricciones y cuarentenas independientemente de lo que diga este certificado. La potestad de levantar las restricciones a la movilidad de los viajeros depender\u00e1 de cada Estado y no del \u201cpasaporte digital verde\u201d. Tanto es as\u00ed que muy posiblemente el pasaporte incluir\u00e1 una descripci\u00f3n muy contundente: \u201ceste certificado no es un documento de viaje\u201d y este certificado \u201cno es una condici\u00f3n previa\u201d para viajar por la UE.<\/p>\n<p><img class=\"alignright size-medium wp-image-16455\" src=\"https:\/\/www.comunicatur.info\/wp-content\/uploads\/2021\/03\/Comision_Europea-300x168.jpg\" alt=\"\" width=\"300\" height=\"168\" srcset=\"https:\/\/www.comunicatur.info\/wp-content\/uploads\/2021\/03\/Comision_Europea-300x168.jpg 300w, https:\/\/www.comunicatur.info\/wp-content\/uploads\/2021\/03\/Comision_Europea-768x429.jpg 768w, https:\/\/www.comunicatur.info\/wp-content\/uploads\/2021\/03\/Comision_Europea.jpg 1024w, https:\/\/www.comunicatur.info\/wp-content\/uploads\/2021\/03\/Comision_Europea-600x335.jpg 600w\" sizes=\"(max-width: 300px) 100vw, 300px\" \/>Los intereses de los impulsores del pasaporte, Espa\u00f1a y Grecia destinos tur\u00edsticos que necesitaran facilitar los viajes, no han superado las reticencias de los pa\u00edses m\u00e1s remisos como Holanda, B\u00e9lgica y Francia. La intenci\u00f3n de algunos miembros de la UE es dejar este pasaporte en algo irrelevante y ya no queda claro para que servir\u00e1. Por su parte, algunos mercados emisores de turismo importantes como Estados Unidos o el Reino Unido descartan o no ven interesante crear un documento de este tipo.<\/p>\n","protected":false},"excerpt":{"rendered":"<p>Ya lo avanz\u00f3 Comunicatur hace casi dos meses, el Pasaporte Covid ten\u00eda gato encerrado y las expectativas que gener\u00f3 la Comisi\u00f3n Europea en el sector tur\u00edstico cuando lo anunci\u00f3 se diluye por momentos. En la informaci\u00f3n del pasado 18 de marzo donde analiz\u00e1bamos el denominado \u201cpasaporte digital verde\u201d advertimos que esta herramienta no abrir\u00eda las &hellip;<\/p>\n","protected":false},"author":408,"featured_media":0,"comment_status":"closed","ping_status":"open","sticky":false,"template":"","format":"standard","meta":[],"categories":[65,64],"tags":[],"_links":{"self":[{"href":"https:\/\/www.comunicatur.info\/es\/wp-json\/wp\/v2\/posts\/16673"}],"collection":[{"href":"https:\/\/www.comunicatur.info\/es\/wp-json\/wp\/v2\/posts"}],"about":[{"href":"https:\/\/www.comunicatur.info\/es\/wp-json\/wp\/v2\/types\/post"}],"author":[{"embeddable":true,"href":"https:\/\/www.comunicatur.info\/es\/wp-json\/wp\/v2\/users\/408"}],"replies":[{"embeddable":true,"href":"https:\/\/www.comunicatur.info\/es\/wp-json\/wp\/v2\/comments?post=16673"}],"version-history":[{"count":1,"href":"https:\/\/www.comunicatur.info\/es\/wp-json\/wp\/v2\/posts\/16673\/revisions"}],"predecessor-version":[{"id":16674,"href":"https:\/\/www.comunicatur.info\/es\/wp-json\/wp\/v2\/posts\/16673\/revisions\/16674"}],"wp:attachment":[{"href":"https:\/\/www.comunicatur.info\/es\/wp-json\/wp\/v2\/media?parent=16673"}],"wp:term":[{"taxonomy":"category","embeddable":true,"href":"https:\/\/www.comunicatur.info\/es\/wp-json\/wp\/v2\/categories?post=16673"},{"taxonomy":"post_tag","embeddable":true,"href":"https:\/\/www.comunicatur.info\/es\/wp-json\/wp\/v2\/tags?post=16673"}],"curies":[{"name":"wp","href":"https:\/\/api.w.org\/{rel}","templated":true}]}}