{"id":16618,"date":"2021-04-08T00:00:55","date_gmt":"2021-04-07T22:00:55","guid":{"rendered":"https:\/\/comunicatur.info\/?p=16618"},"modified":"2021-04-07T16:56:17","modified_gmt":"2021-04-07T14:56:17","slug":"los-viajes-del-imserso-y-el-turista-senior-son-una-oportunidad-contra-la-covid","status":"publish","type":"post","link":"https:\/\/www.comunicatur.info\/es\/los-viajes-del-imserso-y-el-turista-senior-son-una-oportunidad-contra-la-covid\/","title":{"rendered":"Los viajes del Imserso y el turista senior son una oportunidad contra la Covid"},"content":{"rendered":"<p>La mayor\u00eda de los potenciales turistas del Imserso estar\u00e1n vacunados en las pr\u00f3ximas semanas. Las franjas de m\u00e1s edad son las primeras en entrar en los planes de vacunaci\u00f3n y eso abre la oportunidad de contar con unos clientes que estar\u00e1n inmunizados.<!--more--><\/p>\n<p><img class=\"size-medium wp-image-13971 alignright\" src=\"https:\/\/www.comunicatur.info\/wp-content\/uploads\/2019\/06\/Imserso2-230x300.jpg\" alt=\"\" width=\"230\" height=\"300\" srcset=\"https:\/\/www.comunicatur.info\/wp-content\/uploads\/2019\/06\/Imserso2-230x300.jpg 230w, https:\/\/www.comunicatur.info\/wp-content\/uploads\/2019\/06\/Imserso2-600x783.jpg 600w, https:\/\/www.comunicatur.info\/wp-content\/uploads\/2019\/06\/Imserso2.jpg 612w\" sizes=\"(max-width: 230px) 100vw, 230px\" \/>Muchas residencias de mayores ya han empezado a realizar actividades de ocio fuera de sus instalaciones. Con todos los residentes inmunizados con la doble dosis de la vacuna contra la Covid-19 estos centros han pasado de un extremo a otro en cuanto a la afectaci\u00f3n del coronavirus. La incidencia del virus entre los mayores ha ca\u00eddo en picado.<\/p>\n<p>Al contar con una poblaci\u00f3n de m\u00e1s edad ya protegida las propuestas del Imserso y las orientadas al p\u00fabico senior europeo son una oportunidad para la industria tur\u00edstica. <a href=\"https:\/\/www.comunicatur.info\/es\/cancelado-lo-que-quedaba-del-programa-del-imserso\/\" target=\"_blank\" rel=\"noopener noreferrer\">El Gobierno ha anunciado que est\u00e1 trabajando para que a partir de septiembre se inicie la temporada del Imserso<\/a> pero como ha pasado en otras ocasiones, la elaboraci\u00f3n de pliegos y los concursos siempre se demoran y el riesgo de perder esta oportunidad vuelve a ser alto.<\/p>\n<p><a href=\"https:\/\/www.comunicatur.info\/es\/vacunar-vacunar-vacunar-sin-descanso-durante-este-proximo-trimestre\/\" target=\"_blank\" rel=\"noopener noreferrer\">Dependiendo de la situaci\u00f3n sanitaria de Espa\u00f1a en verano, incluso con unos indicadores no muy positivos, se podr\u00eda contar con estos clientes.<\/a> Esperar a septiembre puede ser una oportunidad perdida cuando el colectivo de mayores podr\u00e1 moverse con seguridad mucho antes.<\/p>\n<p>El sector tur\u00edstico supon\u00eda el 12% del PIB espa\u00f1ol y necesita un empuj\u00f3n. Si el Imserso ha contribuido en temporada baja al mantenimiento del empleo y de la actividad, m\u00e1s necesario es ahora en tiempo de crisis total. En un a\u00f1o normal, alrededor de un mill\u00f3n de personas participan de estos viajes sociales. El sector de las agencias y los alojamientos piden al Gobierno que empieza a trabajar \u201cya\u201d en esta l\u00ednea.<\/p>\n","protected":false},"excerpt":{"rendered":"<p>La mayor\u00eda de los potenciales turistas del Imserso estar\u00e1n vacunados en las pr\u00f3ximas semanas. Las franjas de m\u00e1s edad son las primeras en entrar en los planes de vacunaci\u00f3n y eso abre la oportunidad de contar con unos clientes que estar\u00e1n inmunizados. Muchas residencias de mayores ya han empezado a realizar actividades de ocio fuera &hellip;<\/p>\n","protected":false},"author":408,"featured_media":0,"comment_status":"closed","ping_status":"open","sticky":false,"template":"","format":"standard","meta":[],"categories":[59,66,61],"tags":[],"_links":{"self":[{"href":"https:\/\/www.comunicatur.info\/es\/wp-json\/wp\/v2\/posts\/16618"}],"collection":[{"href":"https:\/\/www.comunicatur.info\/es\/wp-json\/wp\/v2\/posts"}],"about":[{"href":"https:\/\/www.comunicatur.info\/es\/wp-json\/wp\/v2\/types\/post"}],"author":[{"embeddable":true,"href":"https:\/\/www.comunicatur.info\/es\/wp-json\/wp\/v2\/users\/408"}],"replies":[{"embeddable":true,"href":"https:\/\/www.comunicatur.info\/es\/wp-json\/wp\/v2\/comments?post=16618"}],"version-history":[{"count":2,"href":"https:\/\/www.comunicatur.info\/es\/wp-json\/wp\/v2\/posts\/16618\/revisions"}],"predecessor-version":[{"id":16620,"href":"https:\/\/www.comunicatur.info\/es\/wp-json\/wp\/v2\/posts\/16618\/revisions\/16620"}],"wp:attachment":[{"href":"https:\/\/www.comunicatur.info\/es\/wp-json\/wp\/v2\/media?parent=16618"}],"wp:term":[{"taxonomy":"category","embeddable":true,"href":"https:\/\/www.comunicatur.info\/es\/wp-json\/wp\/v2\/categories?post=16618"},{"taxonomy":"post_tag","embeddable":true,"href":"https:\/\/www.comunicatur.info\/es\/wp-json\/wp\/v2\/tags?post=16618"}],"curies":[{"name":"wp","href":"https:\/\/api.w.org\/{rel}","templated":true}]}}