{"id":16608,"date":"2021-04-07T00:00:46","date_gmt":"2021-04-06T22:00:46","guid":{"rendered":"https:\/\/comunicatur.info\/?p=16608"},"modified":"2021-04-06T18:17:31","modified_gmt":"2021-04-06T16:17:31","slug":"vacunar-vacunar-vacunar-sin-descanso-durante-este-proximo-trimestre","status":"publish","type":"post","link":"https:\/\/www.comunicatur.info\/es\/vacunar-vacunar-vacunar-sin-descanso-durante-este-proximo-trimestre\/","title":{"rendered":"\u201cVacunar, vacunar, vacunar sin descanso durante este pr\u00f3ximo trimestre\u201d"},"content":{"rendered":"<p><img class=\"size-medium wp-image-16606 alignright\" src=\"https:\/\/www.comunicatur.info\/wp-content\/uploads\/2021\/04\/PedroSanchez_2021-300x215.jpg\" alt=\"\" width=\"300\" height=\"215\" srcset=\"https:\/\/www.comunicatur.info\/wp-content\/uploads\/2021\/04\/PedroSanchez_2021-300x215.jpg 300w, https:\/\/www.comunicatur.info\/wp-content\/uploads\/2021\/04\/PedroSanchez_2021-600x430.jpg 600w, https:\/\/www.comunicatur.info\/wp-content\/uploads\/2021\/04\/PedroSanchez_2021.jpg 676w\" sizes=\"(max-width: 300px) 100vw, 300px\" \/>Espa\u00f1a prev\u00e9 un plan de vacunaci\u00f3n Covid-19 espectacular. El presidente del gobierno espa\u00f1ol, Pedro S\u00e1nchez, sit\u00faa al pa\u00eds en el mes de agosto con un alt\u00edsimo grado de vacunaci\u00f3n y ha anunciado que en septiembre estar\u00e1 toda la poblaci\u00f3n espa\u00f1ola vacunada.<!--more--><\/p>\n<p>S\u00e1nchez ha detallado, mes a mes, la evoluci\u00f3n de un ambicioso plan que textualmente lo resume con esta afirmaci\u00f3n: \u201cvacunar, vacunar, vacunar sin descanso durante este pr\u00f3ximo trimestre.\u201d <a href=\"https:\/\/www.comunicatur.info\/es\/la-vacuna-es-la-esperanza-del-turismo\/\" target=\"_blank\" rel=\"noopener noreferrer\">Para el inicio de la campa\u00f1a tur\u00edstica de verano la mitad de la poblaci\u00f3n podr\u00eda estar vacunada<\/a> y a finales de agosto hasta 33 millones de personas.<\/p>\n<p><img class=\"size-medium wp-image-16605 alignright\" src=\"https:\/\/www.comunicatur.info\/wp-content\/uploads\/2021\/04\/vacuna_covid-300x187.jpg\" alt=\"\" width=\"300\" height=\"187\" srcset=\"https:\/\/www.comunicatur.info\/wp-content\/uploads\/2021\/04\/vacuna_covid-300x187.jpg 300w, https:\/\/www.comunicatur.info\/wp-content\/uploads\/2021\/04\/vacuna_covid.jpg 363w\" sizes=\"(max-width: 300px) 100vw, 300px\" \/>Desde abril hasta septiembre llegar\u00e1n 87 millones de vacunas lo que permitir\u00e1 conseguir el objetivo de la inmunidad de grupo con el 70% de la poblaci\u00f3n inmunizada al concluir el tercer trimestre del a\u00f1o.<\/p>\n<p>El presidente del gobierno tambi\u00e9n ha anunciado que est\u00e1 trabajando a fondo para tener a mediados del mes de junio<a href=\"https:\/\/www.comunicatur.info\/es\/el-pasaporte-sanitario-se-queda-en-un-mero-simplificador-burocratico\/\" target=\"_blank\" rel=\"noopener noreferrer\"> el certificado de vacunaci\u00f3n digital -pasaporte verde- <\/a>que permita la movilidad entre los pa\u00edses europeos.<a href=\"https:\/\/www.comunicatur.info\/es\/1-de-cada-3-europeos-cree-que-viajara-entre-mayo-y-julio\/\" target=\"_blank\" rel=\"noopener noreferrer\"> La intenci\u00f3n es que est\u00e9 preparado para la temporada tur\u00edstica de verano. <\/a>El pasaporte verde es una garant\u00eda para el sector tur\u00edstico. En Espa\u00f1a ser\u00e1 gratuito y de acceso universal, ha asegurado Pedro Sanchez.<\/p>\n<p>Un \u00faltimo anuncio del presidente del gobierno ha sido la intenci\u00f3n de no prorrogar m\u00e1s el estado de alarma, vigente hasta el pr\u00f3ximo 9 de mayo. La finalizaci\u00f3n del estado de alarma supondr\u00e1 la reactivaci\u00f3n de las actividades econ\u00f3micas y la eliminaci\u00f3n de los confinamientos, los toques de queda y las limitaciones a la movilidad.<\/p>\n","protected":false},"excerpt":{"rendered":"<p>Espa\u00f1a prev\u00e9 un plan de vacunaci\u00f3n Covid-19 espectacular. El presidente del gobierno espa\u00f1ol, Pedro S\u00e1nchez, sit\u00faa al pa\u00eds en el mes de agosto con un alt\u00edsimo grado de vacunaci\u00f3n y ha anunciado que en septiembre estar\u00e1 toda la poblaci\u00f3n espa\u00f1ola vacunada. S\u00e1nchez ha detallado, mes a mes, la evoluci\u00f3n de un ambicioso plan que textualmente &hellip;<\/p>\n","protected":false},"author":408,"featured_media":0,"comment_status":"closed","ping_status":"open","sticky":false,"template":"","format":"standard","meta":[],"categories":[62],"tags":[],"_links":{"self":[{"href":"https:\/\/www.comunicatur.info\/es\/wp-json\/wp\/v2\/posts\/16608"}],"collection":[{"href":"https:\/\/www.comunicatur.info\/es\/wp-json\/wp\/v2\/posts"}],"about":[{"href":"https:\/\/www.comunicatur.info\/es\/wp-json\/wp\/v2\/types\/post"}],"author":[{"embeddable":true,"href":"https:\/\/www.comunicatur.info\/es\/wp-json\/wp\/v2\/users\/408"}],"replies":[{"embeddable":true,"href":"https:\/\/www.comunicatur.info\/es\/wp-json\/wp\/v2\/comments?post=16608"}],"version-history":[{"count":3,"href":"https:\/\/www.comunicatur.info\/es\/wp-json\/wp\/v2\/posts\/16608\/revisions"}],"predecessor-version":[{"id":16611,"href":"https:\/\/www.comunicatur.info\/es\/wp-json\/wp\/v2\/posts\/16608\/revisions\/16611"}],"wp:attachment":[{"href":"https:\/\/www.comunicatur.info\/es\/wp-json\/wp\/v2\/media?parent=16608"}],"wp:term":[{"taxonomy":"category","embeddable":true,"href":"https:\/\/www.comunicatur.info\/es\/wp-json\/wp\/v2\/categories?post=16608"},{"taxonomy":"post_tag","embeddable":true,"href":"https:\/\/www.comunicatur.info\/es\/wp-json\/wp\/v2\/tags?post=16608"}],"curies":[{"name":"wp","href":"https:\/\/api.w.org\/{rel}","templated":true}]}}