{"id":16538,"date":"2021-03-23T00:00:14","date_gmt":"2021-03-22T22:00:14","guid":{"rendered":"https:\/\/comunicatur.info\/?p=16538"},"modified":"2021-03-22T20:50:53","modified_gmt":"2021-03-22T18:50:53","slug":"la-desesperacion-de-las-agencias-de-viajes-en-numeros","status":"publish","type":"post","link":"https:\/\/www.comunicatur.info\/es\/la-desesperacion-de-las-agencias-de-viajes-en-numeros\/","title":{"rendered":"La desesperaci\u00f3n de las agencias de viajes en n\u00fameros"},"content":{"rendered":"<p>El sector de las agencias de viajes se encuentra en situaci\u00f3n cr\u00edtica. El 20% no ha podido abrir su negocio desde el inicio de la pandemia de coronavirus coincidiendo con el estado de alarma.<!--more--><\/p>\n<p><img class=\"alignright size-medium wp-image-14854\" src=\"https:\/\/www.comunicatur.info\/wp-content\/uploads\/2019\/12\/BTravelBrand_Catai_AAVV_2-300x199.jpg\" alt=\"\" width=\"300\" height=\"199\" srcset=\"https:\/\/www.comunicatur.info\/wp-content\/uploads\/2019\/12\/BTravelBrand_Catai_AAVV_2-300x199.jpg 300w, https:\/\/www.comunicatur.info\/wp-content\/uploads\/2019\/12\/BTravelBrand_Catai_AAVV_2-600x398.jpg 600w, https:\/\/www.comunicatur.info\/wp-content\/uploads\/2019\/12\/BTravelBrand_Catai_AAVV_2.jpg 633w\" sizes=\"(max-width: 300px) 100vw, 300px\" \/>La actividad ha ca\u00eddo a niveles tan importantes que, seg\u00fan explican los representantes de la patronal de las agencias, durante el 2020 la facturaci\u00f3n se qued\u00f3 en el 10% respecto al a\u00f1o anterior, es decir, que cay\u00f3 entre el 90% y el 95% interanual. Pasaron de facturar 21.000 millones en el 2019 a 2.500 millones en el 2020; en total 18.500 millones de p\u00e9rdidas. Seg\u00fan una valoraci\u00f3n de la Asociaci\u00f3n Corporativa de Agencias de Viajes Especializadas (ACAVe) el 36% de las agencias se encuentra en riesgo real de cierre.<\/p>\n<p>Con estos datos cualquier buena noticia ya da confianza a las empresas. Para Semana Santa creen que podr\u00e1n recuperar el 30% de la actividad y para el verano calculan que ser\u00e1 el 40% superior a la del a\u00f1o anterior. Todo lo f\u00edan a la posibilidad de incrementar el movimiento entre territorios.<\/p>\n<p>A pesar de ello, los asociados de ACAVe son pesimistas porque tienen nulas expectativas a corto plazo y tienen la sensaci\u00f3n de que hasta el pr\u00f3ximo a\u00f1o el sector no comenzar\u00e1 a recuperarse. S\u00f3lo 1 de cada 3 agencias espera tener un resultado decente este verano. ACAVe sigue pidiendo un rescate del sector de las agencias de viaje.<\/p>\n","protected":false},"excerpt":{"rendered":"<p>El sector de las agencias de viajes se encuentra en situaci\u00f3n cr\u00edtica. El 20% no ha podido abrir su negocio desde el inicio de la pandemia de coronavirus coincidiendo con el estado de alarma. La actividad ha ca\u00eddo a niveles tan importantes que, seg\u00fan explican los representantes de la patronal de las agencias, durante el &hellip;<\/p>\n","protected":false},"author":408,"featured_media":0,"comment_status":"closed","ping_status":"open","sticky":false,"template":"","format":"standard","meta":[],"categories":[66],"tags":[],"_links":{"self":[{"href":"https:\/\/www.comunicatur.info\/es\/wp-json\/wp\/v2\/posts\/16538"}],"collection":[{"href":"https:\/\/www.comunicatur.info\/es\/wp-json\/wp\/v2\/posts"}],"about":[{"href":"https:\/\/www.comunicatur.info\/es\/wp-json\/wp\/v2\/types\/post"}],"author":[{"embeddable":true,"href":"https:\/\/www.comunicatur.info\/es\/wp-json\/wp\/v2\/users\/408"}],"replies":[{"embeddable":true,"href":"https:\/\/www.comunicatur.info\/es\/wp-json\/wp\/v2\/comments?post=16538"}],"version-history":[{"count":1,"href":"https:\/\/www.comunicatur.info\/es\/wp-json\/wp\/v2\/posts\/16538\/revisions"}],"predecessor-version":[{"id":16539,"href":"https:\/\/www.comunicatur.info\/es\/wp-json\/wp\/v2\/posts\/16538\/revisions\/16539"}],"wp:attachment":[{"href":"https:\/\/www.comunicatur.info\/es\/wp-json\/wp\/v2\/media?parent=16538"}],"wp:term":[{"taxonomy":"category","embeddable":true,"href":"https:\/\/www.comunicatur.info\/es\/wp-json\/wp\/v2\/categories?post=16538"},{"taxonomy":"post_tag","embeddable":true,"href":"https:\/\/www.comunicatur.info\/es\/wp-json\/wp\/v2\/tags?post=16538"}],"curies":[{"name":"wp","href":"https:\/\/api.w.org\/{rel}","templated":true}]}}