{"id":16495,"date":"2021-03-10T00:00:37","date_gmt":"2021-03-09T22:00:37","guid":{"rendered":"https:\/\/comunicatur.info\/?p=16495"},"modified":"2021-03-08T14:25:37","modified_gmt":"2021-03-08T12:25:37","slug":"1-de-cada-3-europeos-cree-que-viajara-entre-mayo-y-julio","status":"publish","type":"post","link":"https:\/\/www.comunicatur.info\/es\/1-de-cada-3-europeos-cree-que-viajara-entre-mayo-y-julio\/","title":{"rendered":"1 de cada 3 europeos cree que viajar\u00e1 entre mayo y julio"},"content":{"rendered":"<p>Solo la mitad de los europeos tiene como objetivo hacer vacaciones antes del mes de agosto. Concretamente, el 54% piensa que podr\u00e1 realizar su viaje antes de finales de julio y un tercio cree que seguramente viajar\u00e1 entre los meses de mayo y julio.<!--more--><\/p>\n<p><img class=\"alignright size-medium wp-image-5240\" src=\"https:\/\/www.comunicatur.info\/wp-content\/uploads\/2014\/01\/passatgers-300x201.jpg\" alt=\"\" width=\"300\" height=\"201\" srcset=\"https:\/\/www.comunicatur.info\/wp-content\/uploads\/2014\/01\/passatgers-300x201.jpg 300w, https:\/\/www.comunicatur.info\/wp-content\/uploads\/2014\/01\/passatgers.jpg 400w\" sizes=\"(max-width: 300px) 100vw, 300px\" \/>Estos son los datos que recoge la European Travel Commission (ETC) sobre el periodo m\u00e1s factible marcados para los pr\u00f3ximos viajes de los europeos. La instituci\u00f3n realiza un seguimiento peri\u00f3dico de la voluntad de viajar de los europeos y ha detectado que la fatiga social por el confinamiento abre las esperanzas en los ciudadanos de poder hacer vacaciones este verano.<\/p>\n<p>Todo est\u00e1 a expensas de la velocidad y eficiencia en la vacunaci\u00f3n: \u201ces el factor crucial para impulsar los viajes dentro de Europa\u201d, dice la ETC. La lenta vacunaci\u00f3n obliga a la UE a prolongar las restricciones de viaje. En estos momentos, con una inmunizaci\u00f3n que no llega al 3% de la poblaci\u00f3n, las autoridades comunitarias consideran prematuro instaurar el denominado \u201cpasaporte sanitario\u201d pero la presi\u00f3n de los pa\u00edses del sur les ha forzado a plante\u00e1rselo para intentar salvar la temporada de verano.<\/p>\n<p>Quiz\u00e1s por ello, en el anterior estudio del ETC los europeos dispuestos a viajar antes de agosto eran el 52%, con lo cual s\u00f3lo ha crecido en dos puntos el porcentaje. En estos momentos solo el 16 % de los europeos cree que volar supone un riesgo para la salud. El viaje en coche, con un 36%, permanece como la segunda opci\u00f3n de transporte preferida.<\/p>\n<p>Espa\u00f1a, Italia, Francia, Grecia y Alemania son los cinco pa\u00edses preferidos por los europeos para viajar seg\u00fan este informe que presenta los datos recopilados en enero de 2021. El principal inter\u00e9s para la temporada de verano es el sol y playa con un 18% y los destinos urbanos con un 16 %. La cultura y el patrimonio son del inter\u00e9s del 14%.<\/p>\n","protected":false},"excerpt":{"rendered":"<p>Solo la mitad de los europeos tiene como objetivo hacer vacaciones antes del mes de agosto. Concretamente, el 54% piensa que podr\u00e1 realizar su viaje antes de finales de julio y un tercio cree que seguramente viajar\u00e1 entre los meses de mayo y julio. Estos son los datos que recoge la European Travel Commission (ETC) &hellip;<\/p>\n","protected":false},"author":408,"featured_media":0,"comment_status":"closed","ping_status":"open","sticky":false,"template":"","format":"standard","meta":[],"categories":[74],"tags":[],"_links":{"self":[{"href":"https:\/\/www.comunicatur.info\/es\/wp-json\/wp\/v2\/posts\/16495"}],"collection":[{"href":"https:\/\/www.comunicatur.info\/es\/wp-json\/wp\/v2\/posts"}],"about":[{"href":"https:\/\/www.comunicatur.info\/es\/wp-json\/wp\/v2\/types\/post"}],"author":[{"embeddable":true,"href":"https:\/\/www.comunicatur.info\/es\/wp-json\/wp\/v2\/users\/408"}],"replies":[{"embeddable":true,"href":"https:\/\/www.comunicatur.info\/es\/wp-json\/wp\/v2\/comments?post=16495"}],"version-history":[{"count":1,"href":"https:\/\/www.comunicatur.info\/es\/wp-json\/wp\/v2\/posts\/16495\/revisions"}],"predecessor-version":[{"id":16496,"href":"https:\/\/www.comunicatur.info\/es\/wp-json\/wp\/v2\/posts\/16495\/revisions\/16496"}],"wp:attachment":[{"href":"https:\/\/www.comunicatur.info\/es\/wp-json\/wp\/v2\/media?parent=16495"}],"wp:term":[{"taxonomy":"category","embeddable":true,"href":"https:\/\/www.comunicatur.info\/es\/wp-json\/wp\/v2\/categories?post=16495"},{"taxonomy":"post_tag","embeddable":true,"href":"https:\/\/www.comunicatur.info\/es\/wp-json\/wp\/v2\/tags?post=16495"}],"curies":[{"name":"wp","href":"https:\/\/api.w.org\/{rel}","templated":true}]}}