{"id":16458,"date":"2021-03-03T00:00:48","date_gmt":"2021-03-02T22:00:48","guid":{"rendered":"https:\/\/comunicatur.info\/?p=16458"},"modified":"2021-03-02T14:18:46","modified_gmt":"2021-03-02T12:18:46","slug":"el-pasaporte-covid19-puede-tener-gato-encerrado","status":"publish","type":"post","link":"https:\/\/www.comunicatur.info\/es\/el-pasaporte-covid19-puede-tener-gato-encerrado\/","title":{"rendered":"El pasaporte COVID19 puede tener gato encerrado"},"content":{"rendered":"<p>El anunciado pasaporte sanitario o \u00abpasaporte digital verde\u201d puede no llegar a tiempo o quedar sin uso generalizado. Eso explicar\u00eda porque los pa\u00edses de la Uni\u00f3n Europea, en 24 horas, cambiaron de posici\u00f3n, de considerarlo inapropiado a comenzarlo a estudiar para su posible implantaci\u00f3n de cara a este verano.<!--more--><\/p>\n<p><img class=\"alignright size-medium wp-image-16455\" src=\"https:\/\/www.comunicatur.info\/wp-content\/uploads\/2021\/03\/Comision_Europea-300x168.jpg\" alt=\"\" width=\"300\" height=\"168\" srcset=\"https:\/\/www.comunicatur.info\/wp-content\/uploads\/2021\/03\/Comision_Europea-300x168.jpg 300w, https:\/\/www.comunicatur.info\/wp-content\/uploads\/2021\/03\/Comision_Europea-768x429.jpg 768w, https:\/\/www.comunicatur.info\/wp-content\/uploads\/2021\/03\/Comision_Europea.jpg 1024w, https:\/\/www.comunicatur.info\/wp-content\/uploads\/2021\/03\/Comision_Europea-600x335.jpg 600w\" sizes=\"(max-width: 300px) 100vw, 300px\" \/>Los pa\u00edses del sur, los m\u00e1s tur\u00edsticos, como Espa\u00f1a Italia o Grecia, han trasladado la presi\u00f3n que reciben de sus respectivos sectores tur\u00edsticos sobre esta petici\u00f3n hacia la Comisi\u00f3n Europea. En la \u00faltima reuni\u00f3n de jefes de Estado, la presidenta de la Comisi\u00f3n, Ursula von der Leyen, admiti\u00f3 en p\u00fablico que el pasaporte se podr\u00eda implantar, aunque internamente siguen discutiendo sobre el tema sin tener una posici\u00f3n un\u00e1nime.<\/p>\n<p>Espa\u00f1a necesita enviar mensajes positivos sobre la posibilidad de salvar la temporada de verano.<a href=\"https:\/\/www.comunicatur.info\/es\/espana-va-ser-el-faro-de-la-resurreccion-del-turismo-en-todo-el-mundo\/\" target=\"_blank\" rel=\"noopener noreferrer\"> El presidente de Gobierno, Pedro Sanchez, apunt\u00f3 en un discurso ante el consejo ejecutivo de la Organizaci\u00f3n Mundial del Turismo (OMT) que la fecha para recuperar el turismo ser\u00e1 pasado los meses de verano.<\/a> Las cr\u00edticas del sector le llovieron por tierra mar y aire, y ello puede explicar el cambio de discurso. Ahora ha forzado a Bruselas a cambiar tambi\u00e9n el discurso p\u00fablico sobre el \u201cpasaporte\u201d y enviar el mensaje de que Bruselas est\u00e1 acelerando el \u00abpasaporte digital verde\u201d.<\/p>\n<p><img class=\"alignright size-medium wp-image-16454\" src=\"https:\/\/www.comunicatur.info\/wp-content\/uploads\/2021\/03\/Ursula_von_der_Leyen_UE-200x300.jpg\" alt=\"\" width=\"200\" height=\"300\" srcset=\"https:\/\/www.comunicatur.info\/wp-content\/uploads\/2021\/03\/Ursula_von_der_Leyen_UE-200x300.jpg 200w, https:\/\/www.comunicatur.info\/wp-content\/uploads\/2021\/03\/Ursula_von_der_Leyen_UE-768x1152.jpg 768w, https:\/\/www.comunicatur.info\/wp-content\/uploads\/2021\/03\/Ursula_von_der_Leyen_UE-683x1024.jpg 683w, https:\/\/www.comunicatur.info\/wp-content\/uploads\/2021\/03\/Ursula_von_der_Leyen_UE-600x900.jpg 600w, https:\/\/www.comunicatur.info\/wp-content\/uploads\/2021\/03\/Ursula_von_der_Leyen_UE.jpg 800w\" sizes=\"(max-width: 200px) 100vw, 200px\" \/>La presidenta de la Comisi\u00f3n Europea ha advertido que para tenerlo apunto se necesitan tres meses de trabajo y preparaci\u00f3n. Con estos plazos y la discusi\u00f3n a\u00fan abierta sin posici\u00f3n s\u00f3lida entre los estados se antoja complicado que la reclamaci\u00f3n del sector tur\u00edstico se convierta en realidad. Ahora Bruselas debe presentar una propuesta legislativa para crear este pasaporte sanitario y debatirla en una cumbre previsiblemente el pr\u00f3ximo 17 de marzo. Los estados siguen teniendo la \u00faltima palabra sobre qui\u00e9n y c\u00f3mo se accede a su territorio en estos momentos de pandemia.<\/p>\n<p><a href=\"https:\/\/www.comunicatur.info\/es\/las-aerolineas-deciden-por-su-cuenta-crear-un-pasaporte-sanitario\/\" target=\"_blank\" rel=\"noopener noreferrer\">El pasaporte puede ser una herramienta conjunta que aglutine de forma homog\u00e9nea la diferente documentaci\u00f3n que los pa\u00edses ya requieren a los viajeros<\/a> como pueden ser las pruebas PCR negativas, el carn\u00e9 de vacunaci\u00f3n o los test de ant\u00edgenos. Contar con un pasaporte de estas caracter\u00edsticas no quiere decir que se pueda viajar libremente solamente se trata de estandarizar la forma de presentar una documentaci\u00f3n conjunta que ahora ya se estaba pidiendo para entrar en muchos destinos. Al final, volver\u00e1n a ser los pa\u00edses los que decidir\u00e1n qui\u00e9n puede y quien no atravesar sus fronteras.<\/p>\n","protected":false},"excerpt":{"rendered":"<p>El anunciado pasaporte sanitario o \u00abpasaporte digital verde\u201d puede no llegar a tiempo o quedar sin uso generalizado. Eso explicar\u00eda porque los pa\u00edses de la Uni\u00f3n Europea, en 24 horas, cambiaron de posici\u00f3n, de considerarlo inapropiado a comenzarlo a estudiar para su posible implantaci\u00f3n de cara a este verano. Los pa\u00edses del sur, los m\u00e1s &hellip;<\/p>\n","protected":false},"author":408,"featured_media":0,"comment_status":"closed","ping_status":"open","sticky":false,"template":"","format":"standard","meta":[],"categories":[65,64],"tags":[],"_links":{"self":[{"href":"https:\/\/www.comunicatur.info\/es\/wp-json\/wp\/v2\/posts\/16458"}],"collection":[{"href":"https:\/\/www.comunicatur.info\/es\/wp-json\/wp\/v2\/posts"}],"about":[{"href":"https:\/\/www.comunicatur.info\/es\/wp-json\/wp\/v2\/types\/post"}],"author":[{"embeddable":true,"href":"https:\/\/www.comunicatur.info\/es\/wp-json\/wp\/v2\/users\/408"}],"replies":[{"embeddable":true,"href":"https:\/\/www.comunicatur.info\/es\/wp-json\/wp\/v2\/comments?post=16458"}],"version-history":[{"count":1,"href":"https:\/\/www.comunicatur.info\/es\/wp-json\/wp\/v2\/posts\/16458\/revisions"}],"predecessor-version":[{"id":16459,"href":"https:\/\/www.comunicatur.info\/es\/wp-json\/wp\/v2\/posts\/16458\/revisions\/16459"}],"wp:attachment":[{"href":"https:\/\/www.comunicatur.info\/es\/wp-json\/wp\/v2\/media?parent=16458"}],"wp:term":[{"taxonomy":"category","embeddable":true,"href":"https:\/\/www.comunicatur.info\/es\/wp-json\/wp\/v2\/categories?post=16458"},{"taxonomy":"post_tag","embeddable":true,"href":"https:\/\/www.comunicatur.info\/es\/wp-json\/wp\/v2\/tags?post=16458"}],"curies":[{"name":"wp","href":"https:\/\/api.w.org\/{rel}","templated":true}]}}