{"id":16435,"date":"2021-02-26T00:00:04","date_gmt":"2021-02-25T22:00:04","guid":{"rendered":"https:\/\/comunicatur.info\/?p=16435"},"modified":"2021-02-24T18:29:40","modified_gmt":"2021-02-24T16:29:40","slug":"australia-no-pierde-tiempo-y-quiere-que-sus-ciudadanos-se-lancen-hacer-turismo","status":"publish","type":"post","link":"https:\/\/www.comunicatur.info\/es\/australia-no-pierde-tiempo-y-quiere-que-sus-ciudadanos-se-lancen-hacer-turismo\/","title":{"rendered":"Australia no pierde tiempo y quiere que sus ciudadanos se lancen a hacer turismo"},"content":{"rendered":"<p>Tourism Australia ha activado una campa\u00f1a publicitaria muy intensa para que sus ciudadanos reserven ya sus vacaciones en el pa\u00eds. El objetivo es darle un impulso al sector tur\u00edstico y sus operadores que atraviesan, como en todo el mundo, una situaci\u00f3n muy complicada.<!--more--><\/p>\n<p><a href=\"https:\/\/www.australia.com\" target=\"_blank\" rel=\"noopener noreferrer\"><img class=\"alignright size-medium wp-image-16432\" src=\"https:\/\/www.comunicatur.info\/wp-content\/uploads\/2021\/02\/australia-300x188.jpg\" alt=\"\" width=\"300\" height=\"188\" srcset=\"https:\/\/www.comunicatur.info\/wp-content\/uploads\/2021\/02\/australia-300x188.jpg 300w, https:\/\/www.comunicatur.info\/wp-content\/uploads\/2021\/02\/australia-600x375.jpg 600w, https:\/\/www.comunicatur.info\/wp-content\/uploads\/2021\/02\/australia.jpg 640w\" sizes=\"(max-width: 300px) 100vw, 300px\" \/>Holiday Here This Year<\/a> es la campa\u00f1a de publicidad que el organismo ha lanzado durante este mes de febrero para fomentar los viajes nacionales. En una primera oleada de la campa\u00f1a han invertido 5 millones de d\u00f3lares australianos, m\u00e1s de 3,1 millones de euros.<\/p>\n<p>Como apoyo a la industria del turismo, el organismo de promoci\u00f3n presenta destinos, productos tur\u00edsticos y experiencias, y algunas los sit\u00faa en las \u00e1reas afectadas por los incendios forestales del verano pasado. El gobierno dice que este es el a\u00f1o en el que los australianos descubran su pa\u00eds y se entusiasmen con hacer vacaciones en \u00e9l. Una iniciativa desacomplejada en tiempo de pandemia y de contenci\u00f3n de la movilidad.<\/p>\n<p>La industria tur\u00edstica de <a href=\"https:\/\/www.australia.com\" target=\"_blank\" rel=\"noopener noreferrer\">Australia<\/a> genera cerca de 64.000 millones de euros y da trabajo a m\u00e1s de 600.000 personas.<\/p>\n","protected":false},"excerpt":{"rendered":"<p>Tourism Australia ha activado una campa\u00f1a publicitaria muy intensa para que sus ciudadanos reserven ya sus vacaciones en el pa\u00eds. El objetivo es darle un impulso al sector tur\u00edstico y sus operadores que atraviesan, como en todo el mundo, una situaci\u00f3n muy complicada. Holiday Here This Year es la campa\u00f1a de publicidad que el organismo &hellip;<\/p>\n","protected":false},"author":408,"featured_media":0,"comment_status":"closed","ping_status":"open","sticky":false,"template":"","format":"standard","meta":[],"categories":[62,64],"tags":[],"_links":{"self":[{"href":"https:\/\/www.comunicatur.info\/es\/wp-json\/wp\/v2\/posts\/16435"}],"collection":[{"href":"https:\/\/www.comunicatur.info\/es\/wp-json\/wp\/v2\/posts"}],"about":[{"href":"https:\/\/www.comunicatur.info\/es\/wp-json\/wp\/v2\/types\/post"}],"author":[{"embeddable":true,"href":"https:\/\/www.comunicatur.info\/es\/wp-json\/wp\/v2\/users\/408"}],"replies":[{"embeddable":true,"href":"https:\/\/www.comunicatur.info\/es\/wp-json\/wp\/v2\/comments?post=16435"}],"version-history":[{"count":3,"href":"https:\/\/www.comunicatur.info\/es\/wp-json\/wp\/v2\/posts\/16435\/revisions"}],"predecessor-version":[{"id":16439,"href":"https:\/\/www.comunicatur.info\/es\/wp-json\/wp\/v2\/posts\/16435\/revisions\/16439"}],"wp:attachment":[{"href":"https:\/\/www.comunicatur.info\/es\/wp-json\/wp\/v2\/media?parent=16435"}],"wp:term":[{"taxonomy":"category","embeddable":true,"href":"https:\/\/www.comunicatur.info\/es\/wp-json\/wp\/v2\/categories?post=16435"},{"taxonomy":"post_tag","embeddable":true,"href":"https:\/\/www.comunicatur.info\/es\/wp-json\/wp\/v2\/tags?post=16435"}],"curies":[{"name":"wp","href":"https:\/\/api.w.org\/{rel}","templated":true}]}}