{"id":16308,"date":"2021-02-04T09:10:20","date_gmt":"2021-02-04T07:10:20","guid":{"rendered":"https:\/\/comunicatur.info\/?p=16308"},"modified":"2021-02-04T09:10:20","modified_gmt":"2021-02-04T07:10:20","slug":"la-nueva-estacion-de-sants-entrara-en-reconversion","status":"publish","type":"post","link":"https:\/\/www.comunicatur.info\/es\/la-nueva-estacion-de-sants-entrara-en-reconversion\/","title":{"rendered":"La nueva estaci\u00f3n de Sants entrar\u00e1 en reconversi\u00f3n"},"content":{"rendered":"<p>El nudo de comunicaciones ferroviarias m\u00e1s importante de Barcelona est\u00e1 pendiente de remodelaci\u00f3n desde hace a\u00f1os. Un acuerdo entre Adif y el Ayuntamiento permitir\u00e1 acometer obras en la estaci\u00f3n de Sants que supondr\u00e1 una ampliaci\u00f3n necesaria de la infraestructura y reforma del entorno.<!--more--><\/p>\n<p><img class=\"alignright size-medium wp-image-16305\" src=\"https:\/\/www.comunicatur.info\/wp-content\/uploads\/2021\/02\/Estaci\u00f3n_de_Barcelona-Sants-300x213.jpg\" alt=\"\" width=\"300\" height=\"213\" srcset=\"https:\/\/www.comunicatur.info\/wp-content\/uploads\/2021\/02\/Estaci\u00f3n_de_Barcelona-Sants-300x213.jpg 300w, https:\/\/www.comunicatur.info\/wp-content\/uploads\/2021\/02\/Estaci\u00f3n_de_Barcelona-Sants-768x544.jpg 768w, https:\/\/www.comunicatur.info\/wp-content\/uploads\/2021\/02\/Estaci\u00f3n_de_Barcelona-Sants-600x425.jpg 600w, https:\/\/www.comunicatur.info\/wp-content\/uploads\/2021\/02\/Estaci\u00f3n_de_Barcelona-Sants.jpg 800w\" sizes=\"(max-width: 300px) 100vw, 300px\" \/>El vest\u00edbulo principal ampliar\u00e1 su superficie al ganar terreno en el exterior, hasta 40 metros que actualmente ocupan dos viales de tr\u00e1fico. Los taxis pasar\u00edan a realizar su actividad en el parking subterr\u00e1neo. Tambi\u00e9n se crear\u00e1n dos nuevas zonas de acceso a pie en los dos laterales que en estos momentos no cuentan con puertas de entrada.<\/p>\n<p>En paralelo, la gran plaza de acceso a la estaci\u00f3n, que se encuentra muy degradada, tambi\u00e9n se remodelar\u00e1 para que sea m\u00e1s agradable al usuario y permita un acceso a pie m\u00e1s c\u00f3modo.<\/p>\n<p><img class=\"alignright size-medium wp-image-16306\" src=\"https:\/\/www.comunicatur.info\/wp-content\/uploads\/2021\/02\/AVE_RENFEestaci\u00f3n_de_Sants-300x225.jpg\" alt=\"\" width=\"300\" height=\"225\" srcset=\"https:\/\/www.comunicatur.info\/wp-content\/uploads\/2021\/02\/AVE_RENFEestaci\u00f3n_de_Sants-300x225.jpg 300w, https:\/\/www.comunicatur.info\/wp-content\/uploads\/2021\/02\/AVE_RENFEestaci\u00f3n_de_Sants-768x576.jpg 768w, https:\/\/www.comunicatur.info\/wp-content\/uploads\/2021\/02\/AVE_RENFEestaci\u00f3n_de_Sants-600x450.jpg 600w, https:\/\/www.comunicatur.info\/wp-content\/uploads\/2021\/02\/AVE_RENFEestaci\u00f3n_de_Sants.jpg 800w\" sizes=\"(max-width: 300px) 100vw, 300px\" \/>Para antes del verano podr\u00eda estar definido el anteproyecto de la remodelaci\u00f3n que el ayuntamiento quiere que surja de un proceso participativo vecinal. El reconocido estudio de arquitectura RCR ser\u00eda el encargado de redactar el proyecto. Las obras se licitar\u00edan durante el pr\u00f3ximo a\u00f1o y Adif asumir\u00e1 el coste econ\u00f3mico de la remodelaci\u00f3n.<\/p>\n<p>En una segunda fase el ayuntamiento ha informado que reconfigurar\u00e1 la parada de autobuses anexa. Trasladar\u00e1 la mayor parte de la operativa a una futura terminal en la Pla\u00e7a Espanya y dejar\u00e1 algunas conexiones de bus en la calle Tarragona, m\u00e1s cercana a Sants, para permitir la conexi\u00f3n intermodal.<\/p>\n","protected":false},"excerpt":{"rendered":"<p>El nudo de comunicaciones ferroviarias m\u00e1s importante de Barcelona est\u00e1 pendiente de remodelaci\u00f3n desde hace a\u00f1os. Un acuerdo entre Adif y el Ayuntamiento permitir\u00e1 acometer obras en la estaci\u00f3n de Sants que supondr\u00e1 una ampliaci\u00f3n necesaria de la infraestructura y reforma del entorno. El vest\u00edbulo principal ampliar\u00e1 su superficie al ganar terreno en el exterior, &hellip;<\/p>\n","protected":false},"author":408,"featured_media":0,"comment_status":"closed","ping_status":"open","sticky":false,"template":"","format":"standard","meta":[],"categories":[65],"tags":[],"_links":{"self":[{"href":"https:\/\/www.comunicatur.info\/es\/wp-json\/wp\/v2\/posts\/16308"}],"collection":[{"href":"https:\/\/www.comunicatur.info\/es\/wp-json\/wp\/v2\/posts"}],"about":[{"href":"https:\/\/www.comunicatur.info\/es\/wp-json\/wp\/v2\/types\/post"}],"author":[{"embeddable":true,"href":"https:\/\/www.comunicatur.info\/es\/wp-json\/wp\/v2\/users\/408"}],"replies":[{"embeddable":true,"href":"https:\/\/www.comunicatur.info\/es\/wp-json\/wp\/v2\/comments?post=16308"}],"version-history":[{"count":1,"href":"https:\/\/www.comunicatur.info\/es\/wp-json\/wp\/v2\/posts\/16308\/revisions"}],"predecessor-version":[{"id":16309,"href":"https:\/\/www.comunicatur.info\/es\/wp-json\/wp\/v2\/posts\/16308\/revisions\/16309"}],"wp:attachment":[{"href":"https:\/\/www.comunicatur.info\/es\/wp-json\/wp\/v2\/media?parent=16308"}],"wp:term":[{"taxonomy":"category","embeddable":true,"href":"https:\/\/www.comunicatur.info\/es\/wp-json\/wp\/v2\/categories?post=16308"},{"taxonomy":"post_tag","embeddable":true,"href":"https:\/\/www.comunicatur.info\/es\/wp-json\/wp\/v2\/tags?post=16308"}],"curies":[{"name":"wp","href":"https:\/\/api.w.org\/{rel}","templated":true}]}}