{"id":16275,"date":"2021-02-02T00:00:03","date_gmt":"2021-02-01T22:00:03","guid":{"rendered":"https:\/\/comunicatur.info\/?p=16275"},"modified":"2021-01-29T21:04:37","modified_gmt":"2021-01-29T19:04:37","slug":"viviendo-de-incognito-en-una-terminal-de-aeropuerto-por-miedo-al-coronavirus","status":"publish","type":"post","link":"https:\/\/www.comunicatur.info\/es\/viviendo-de-incognito-en-una-terminal-de-aeropuerto-por-miedo-al-coronavirus\/","title":{"rendered":"Viviendo de inc\u00f3gnito en una terminal de aeropuerto por miedo al coronavirus"},"content":{"rendered":"<p>Una nueva historia que recuerda la pel\u00edcula de Steven Spielberg, \u00abLa Terminal\u00bb ha pasado en el aeropuerto internacional de Chicago. El protagonista no es Tom Hanks sino Aditya Singh, un ciudadano de 36 a\u00f1os de Los \u00c1ngeles que ha vivido durante tres meses en las instalaciones del aeropuerto sin que nadie se diera cuenta.<!--more--><\/p>\n<p><img class=\"alignright size-medium wp-image-13037\" src=\"https:\/\/www.comunicatur.info\/wp-content\/uploads\/2018\/11\/laterminal-300x225.jpg\" alt=\"\" width=\"300\" height=\"225\" srcset=\"https:\/\/www.comunicatur.info\/wp-content\/uploads\/2018\/11\/laterminal-300x225.jpg 300w, https:\/\/www.comunicatur.info\/wp-content\/uploads\/2018\/11\/laterminal-768x576.jpg 768w, https:\/\/www.comunicatur.info\/wp-content\/uploads\/2018\/11\/laterminal-1024x768.jpg 1024w, https:\/\/www.comunicatur.info\/wp-content\/uploads\/2018\/11\/laterminal-600x450.jpg 600w, https:\/\/www.comunicatur.info\/wp-content\/uploads\/2018\/11\/laterminal.jpg 1200w\" sizes=\"(max-width: 300px) 100vw, 300px\" \/>Como en una pel\u00edcula de cine, este californiano, que cogi\u00f3 miedo a volver a casa por si se contagiaba de coronavirus, ha pasado todo este tiempo viviendo de inc\u00f3gnito en el recinto, movi\u00e9ndose por \u00e1reas privadas y durmiendo y comiendo lo que le ofrec\u00edan otros pasajeros.<\/p>\n<p>El 10 de octubre pasado Aditya Singh ten\u00eda que coger un vuelo hacia Los \u00c1ngeles y decidi\u00f3 quedarse en el aeropuerto de Chicago hasta que hace unos d\u00edas lo descubrieron. Singh dispon\u00eda de una acreditaci\u00f3n perdida por un trabajador que le permiti\u00f3 moverse por el aeropuerto con cierta libertad sin levantar ninguna sospecha.<\/p>\n<p>Ahora se enfrenta a una acusaci\u00f3n de doble delito, uno grave por violar espacios restringidos del aer\u00f3dromo y uno m\u00e1s leve por robo.<\/p>\n<p>La situaci\u00f3n de este viajero tiene semejanza a la expuesta en la pel\u00edcula &#8216;La Terminal&#8217; basada en unos hechos reales, pero tambi\u00e9n con la odisea de<a href=\"https:\/\/www.comunicatur.info\/es\/la-odisea-de-7-meses-atrapado-en-la-terminal-de-un-aeropuerto\/\" target=\"_blank\" rel=\"noopener noreferrer\"> 7 meses de un ciudadano sirio atrapado en la terminal de un aeropuerto de Kuala Lumpur (Malasia).<\/a> Al quedarse sin visado este viajero se qued\u00f3 atrapado durante siete meses hasta que pudo llegar a Canad\u00e1.<\/p>\n","protected":false},"excerpt":{"rendered":"<p>Una nueva historia que recuerda la pel\u00edcula de Steven Spielberg, \u00abLa Terminal\u00bb ha pasado en el aeropuerto internacional de Chicago. El protagonista no es Tom Hanks sino Aditya Singh, un ciudadano de 36 a\u00f1os de Los \u00c1ngeles que ha vivido durante tres meses en las instalaciones del aeropuerto sin que nadie se diera cuenta. Como &hellip;<\/p>\n","protected":false},"author":408,"featured_media":0,"comment_status":"closed","ping_status":"open","sticky":false,"template":"","format":"standard","meta":[],"categories":[65,73],"tags":[],"_links":{"self":[{"href":"https:\/\/www.comunicatur.info\/es\/wp-json\/wp\/v2\/posts\/16275"}],"collection":[{"href":"https:\/\/www.comunicatur.info\/es\/wp-json\/wp\/v2\/posts"}],"about":[{"href":"https:\/\/www.comunicatur.info\/es\/wp-json\/wp\/v2\/types\/post"}],"author":[{"embeddable":true,"href":"https:\/\/www.comunicatur.info\/es\/wp-json\/wp\/v2\/users\/408"}],"replies":[{"embeddable":true,"href":"https:\/\/www.comunicatur.info\/es\/wp-json\/wp\/v2\/comments?post=16275"}],"version-history":[{"count":1,"href":"https:\/\/www.comunicatur.info\/es\/wp-json\/wp\/v2\/posts\/16275\/revisions"}],"predecessor-version":[{"id":16276,"href":"https:\/\/www.comunicatur.info\/es\/wp-json\/wp\/v2\/posts\/16275\/revisions\/16276"}],"wp:attachment":[{"href":"https:\/\/www.comunicatur.info\/es\/wp-json\/wp\/v2\/media?parent=16275"}],"wp:term":[{"taxonomy":"category","embeddable":true,"href":"https:\/\/www.comunicatur.info\/es\/wp-json\/wp\/v2\/categories?post=16275"},{"taxonomy":"post_tag","embeddable":true,"href":"https:\/\/www.comunicatur.info\/es\/wp-json\/wp\/v2\/tags?post=16275"}],"curies":[{"name":"wp","href":"https:\/\/api.w.org\/{rel}","templated":true}]}}