{"id":16242,"date":"2021-01-22T00:00:51","date_gmt":"2021-01-21T22:00:51","guid":{"rendered":"https:\/\/comunicatur.info\/?p=16242"},"modified":"2021-01-21T21:07:02","modified_gmt":"2021-01-21T19:07:02","slug":"las-aerolineas-deciden-por-su-cuenta-crear-un-pasaporte-sanitario","status":"publish","type":"post","link":"https:\/\/www.comunicatur.info\/es\/las-aerolineas-deciden-por-su-cuenta-crear-un-pasaporte-sanitario\/","title":{"rendered":"Las aerol\u00edneas deciden por su cuenta crear un pasaporte sanitario"},"content":{"rendered":"<p>La principal reclamaci\u00f3n que hacen las compa\u00f1\u00edas a\u00e9reas a la Uni\u00f3n Europea para reactivar los viajes es la creaci\u00f3n de un certificado de vacunaci\u00f3n que sea com\u00fan para todos los estados. Los gobiernos est\u00e1n divididos y no comparten la misma visi\u00f3n sobre la creaci\u00f3n de un pasaporte sanitario que identifique las personas vacunadas contra la Covid-19.<!--more--><\/p>\n<p><img class=\"alignright size-medium wp-image-16240\" src=\"https:\/\/www.comunicatur.info\/wp-content\/uploads\/2021\/01\/CodiQR_Mobil_passport-190x300.jpg\" alt=\"\" width=\"190\" height=\"300\" srcset=\"https:\/\/www.comunicatur.info\/wp-content\/uploads\/2021\/01\/CodiQR_Mobil_passport-190x300.jpg 190w, https:\/\/www.comunicatur.info\/wp-content\/uploads\/2021\/01\/CodiQR_Mobil_passport-648x1024.jpg 648w, https:\/\/www.comunicatur.info\/wp-content\/uploads\/2021\/01\/CodiQR_Mobil_passport-600x949.jpg 600w, https:\/\/www.comunicatur.info\/wp-content\/uploads\/2021\/01\/CodiQR_Mobil_passport.jpg 750w\" sizes=\"(max-width: 190px) 100vw, 190px\" \/>La Asociaci\u00f3n Internacional del Transporte A\u00e9reo (IATA) ha decidido sacar adelante una aplicaci\u00f3n m\u00f3vil que permita controlar que los pasajeros cumplen con las exigencias que imponen los pa\u00edses donde se quiere viajar. La app podr\u00eda estar en funcionamiento en el mes de marzo y llevar\u00e1 el nombre de Travel Pass. Se trata de un pasaporte sanitario encubierto impulsado por las aerol\u00edneas.<\/p>\n<p>La aplicaci\u00f3n instalada en el tel\u00e9fono m\u00f3vil incluir\u00e1 informaci\u00f3n de vacunaci\u00f3n contra el coronavirus y los resultados de los test que se haya realizado el viajero.<\/p>\n<p>Travel Pass indicar\u00e1 si el turista puede tomar un vuelo determinado a un destino concreto. El personal de tierra verificar\u00e1 en los mostradores de facturaci\u00f3n y de embarque que el viajero cuenta con esta credencial. El objetivo es generar espacios seguros en los vuelos que den garant\u00edas a los pasajeros y los anime a viajar. Adem\u00e1s, aseguran, agilizar\u00e1 las gestiones de control de la documentaci\u00f3n sanitaria. El pasaporte requiere que los clientes activen una identidad digital que permita identificar a cada persona.<\/p>\n<p>Estas f\u00f3rmulas de carn\u00e9 sanitario cuenta tambi\u00e9n con voces cr\u00edticas. Pa\u00edses como Alemania o Francia lo ven una discriminaci\u00f3n hacia los ciudadanos que no se han podido vacunar y por lo tanto no quieren que un carn\u00e9 de este tipo sirva para cruzar las fronteras. Entre los pa\u00edses partidarios de crear un pasaporte de vacunaci\u00f3n se encuentra Espa\u00f1a y Grecia, que lo ven como herramienta clave para activar el turismo.<\/p>\n","protected":false},"excerpt":{"rendered":"<p>La principal reclamaci\u00f3n que hacen las compa\u00f1\u00edas a\u00e9reas a la Uni\u00f3n Europea para reactivar los viajes es la creaci\u00f3n de un certificado de vacunaci\u00f3n que sea com\u00fan para todos los estados. Los gobiernos est\u00e1n divididos y no comparten la misma visi\u00f3n sobre la creaci\u00f3n de un pasaporte sanitario que identifique las personas vacunadas contra la &hellip;<\/p>\n","protected":false},"author":408,"featured_media":0,"comment_status":"closed","ping_status":"open","sticky":false,"template":"","format":"standard","meta":[],"categories":[64,65],"tags":[],"_links":{"self":[{"href":"https:\/\/www.comunicatur.info\/es\/wp-json\/wp\/v2\/posts\/16242"}],"collection":[{"href":"https:\/\/www.comunicatur.info\/es\/wp-json\/wp\/v2\/posts"}],"about":[{"href":"https:\/\/www.comunicatur.info\/es\/wp-json\/wp\/v2\/types\/post"}],"author":[{"embeddable":true,"href":"https:\/\/www.comunicatur.info\/es\/wp-json\/wp\/v2\/users\/408"}],"replies":[{"embeddable":true,"href":"https:\/\/www.comunicatur.info\/es\/wp-json\/wp\/v2\/comments?post=16242"}],"version-history":[{"count":3,"href":"https:\/\/www.comunicatur.info\/es\/wp-json\/wp\/v2\/posts\/16242\/revisions"}],"predecessor-version":[{"id":16245,"href":"https:\/\/www.comunicatur.info\/es\/wp-json\/wp\/v2\/posts\/16242\/revisions\/16245"}],"wp:attachment":[{"href":"https:\/\/www.comunicatur.info\/es\/wp-json\/wp\/v2\/media?parent=16242"}],"wp:term":[{"taxonomy":"category","embeddable":true,"href":"https:\/\/www.comunicatur.info\/es\/wp-json\/wp\/v2\/categories?post=16242"},{"taxonomy":"post_tag","embeddable":true,"href":"https:\/\/www.comunicatur.info\/es\/wp-json\/wp\/v2\/tags?post=16242"}],"curies":[{"name":"wp","href":"https:\/\/api.w.org\/{rel}","templated":true}]}}