{"id":16200,"date":"2021-01-18T00:00:51","date_gmt":"2021-01-17T22:00:51","guid":{"rendered":"https:\/\/comunicatur.info\/?p=16200"},"modified":"2021-01-14T20:21:09","modified_gmt":"2021-01-14T18:21:09","slug":"nace-la-asociacion-hotelera-de-la-provincia-de-tarragona-ahpt","status":"publish","type":"post","link":"https:\/\/www.comunicatur.info\/es\/nace-la-asociacion-hotelera-de-la-provincia-de-tarragona-ahpt\/","title":{"rendered":"Nace la Asociaci\u00f3n Hotelera de la Provincia de Tarragona (AHPT)"},"content":{"rendered":"<p>Hasta ahora la <a href=\"https:\/\/aeht.es\/\" target=\"_blank\" rel=\"noopener\"><strong>Asociaci\u00f3n de Empresarios de Hosteler\u00eda de la Provincia de Tarragona (AEHT)<\/strong><\/a>, una entidad con una cuarentena de a\u00f1os de historia, ha ido creando asociaciones locales y comarcales. As\u00ed hab\u00eda la AEH Terres de l\u2019Ebre, AEH Salou, AEH Tarragona Ciutat, etc. Pero la necesidad de trabajar en com\u00fan para estructurar mejor la fuerza sectorial de la hosteler\u00eda de toda la provincia de Tarragona ha llevado a la creaci\u00f3n de la <strong>Asociaci\u00f3n Hotelera de la Provincia de Tarragona (AHPT).<\/strong><!--more--><\/p>\n<p><img class=\"alignright size-medium wp-image-16198\" src=\"https:\/\/www.comunicatur.info\/wp-content\/uploads\/2021\/01\/Logo-Associaci\u00f3-hotelera-de-la-prov\u00edncia-de-Tarragona-300x177.png\" alt=\"\" width=\"300\" height=\"177\" srcset=\"https:\/\/www.comunicatur.info\/wp-content\/uploads\/2021\/01\/Logo-Associaci\u00f3-hotelera-de-la-prov\u00edncia-de-Tarragona-300x177.png 300w, https:\/\/www.comunicatur.info\/wp-content\/uploads\/2021\/01\/Logo-Associaci\u00f3-hotelera-de-la-prov\u00edncia-de-Tarragona-768x452.png 768w, https:\/\/www.comunicatur.info\/wp-content\/uploads\/2021\/01\/Logo-Associaci\u00f3-hotelera-de-la-prov\u00edncia-de-Tarragona-1024x603.png 1024w, https:\/\/www.comunicatur.info\/wp-content\/uploads\/2021\/01\/Logo-Associaci\u00f3-hotelera-de-la-prov\u00edncia-de-Tarragona-600x353.png 600w, https:\/\/www.comunicatur.info\/wp-content\/uploads\/2021\/01\/Logo-Associaci\u00f3-hotelera-de-la-prov\u00edncia-de-Tarragona.png 1032w\" sizes=\"(max-width: 300px) 100vw, 300px\" \/>La nueva entidad quiere aglutinar todo el sector, de forma que no trabaje solo por los destinos de sol y playa. Por eso <strong>hay m\u00e1s de 130 hoteles y alojamientos tur\u00edsticos, desde hoteles urbanos hasta hostales familiares y desde la costa hasta el interior,<\/strong> todos ellos asociados a la AEHT. De este modo todo el territorio estar\u00e1 presente, <strong>desde el Baix Pened\u00e8s hasta las Terres de l\u2019Ebre. <\/strong><\/p>\n<p>El acto de presentaci\u00f3n tuvo lugar en el Anfiteatro de Tarragona y cont\u00f3 con la presencia de <strong>Meritxell Roig\u00e9, presidenta del Patronato de Turismo de la Diputaci\u00f3n de Tarragona,<\/strong> que salud\u00f3 la nueva asociaci\u00f3n diciendo que \u201cla imagen de hoy es muy potente y esto quiere decir que es una asociaci\u00f3n que nace con la voluntad de aglutinar el m\u00e1ximo de hoteleros y hoteleras\u201d. Por su parte, <strong>Francesc Pintado, presidente de la AEHT<\/strong> remarc\u00f3 que \u201ctenemos deberes pendientes: estructurar el brazo hotelero\u201d.<\/p>\n<p><img class=\"alignright size-medium wp-image-16197\" src=\"https:\/\/www.comunicatur.info\/wp-content\/uploads\/2021\/01\/Associacio_hotelera_prov_Tarragona-300x150.jpg\" alt=\"\" width=\"300\" height=\"150\" srcset=\"https:\/\/www.comunicatur.info\/wp-content\/uploads\/2021\/01\/Associacio_hotelera_prov_Tarragona-300x150.jpg 300w, https:\/\/www.comunicatur.info\/wp-content\/uploads\/2021\/01\/Associacio_hotelera_prov_Tarragona-768x384.jpg 768w, https:\/\/www.comunicatur.info\/wp-content\/uploads\/2021\/01\/Associacio_hotelera_prov_Tarragona-1024x512.jpg 1024w, https:\/\/www.comunicatur.info\/wp-content\/uploads\/2021\/01\/Associacio_hotelera_prov_Tarragona-600x300.jpg 600w, https:\/\/www.comunicatur.info\/wp-content\/uploads\/2021\/01\/Associacio_hotelera_prov_Tarragona.jpg 1200w\" sizes=\"(max-width: 300px) 100vw, 300px\" \/>La junta de la nueva asociaci\u00f3n ha quedado formada por los <strong>representantes de 20 de los hoteles m\u00e1s representativos de la diversidad del territorio.<\/strong> El primer presidente de la Asociaci\u00f3n Hotelera de la Provincia de Tarragona es <strong>Mag\u00ed Mallorqu\u00ed,<\/strong> del hotel Class Valls, que en su parlamento dijo que \u201ccreemos que como asociaci\u00f3n tenemos la obligaci\u00f3n de dar voz al sector, y hacerlo de forma unificada y plural. Hac\u00eda falta vernos, interactuar y poner en com\u00fan necesidades y sensibilidades. Hac\u00eda falta unir y estructurar la vertiente hotelera de la asociaci\u00f3n para fortalecerla y para no perder oportunidades\u201d.<\/p>\n<p><strong>Los objetivos de la asociaci\u00f3n son la representaci\u00f3n<\/strong> (para romper con la idea de ser un destino \u00fanicamente de sol y playa); <strong>interlocuci\u00f3n <\/strong>(por ser portavoz de referencia porque los hoteleros conocen bien la realidad de toda la provincia) y <strong>formaci\u00f3n<\/strong> (para profesionalizar todav\u00eda m\u00e1s el sector).<\/p>\n","protected":false},"excerpt":{"rendered":"<p>Hasta ahora la Asociaci\u00f3n de Empresarios de Hosteler\u00eda de la Provincia de Tarragona (AEHT), una entidad con una cuarentena de a\u00f1os de historia, ha ido creando asociaciones locales y comarcales. As\u00ed hab\u00eda la AEH Terres de l\u2019Ebre, AEH Salou, AEH Tarragona Ciutat, etc. Pero la necesidad de trabajar en com\u00fan para estructurar mejor la fuerza &hellip;<\/p>\n","protected":false},"author":408,"featured_media":0,"comment_status":"closed","ping_status":"open","sticky":false,"template":"","format":"standard","meta":[],"categories":[59,62,61],"tags":[],"_links":{"self":[{"href":"https:\/\/www.comunicatur.info\/es\/wp-json\/wp\/v2\/posts\/16200"}],"collection":[{"href":"https:\/\/www.comunicatur.info\/es\/wp-json\/wp\/v2\/posts"}],"about":[{"href":"https:\/\/www.comunicatur.info\/es\/wp-json\/wp\/v2\/types\/post"}],"author":[{"embeddable":true,"href":"https:\/\/www.comunicatur.info\/es\/wp-json\/wp\/v2\/users\/408"}],"replies":[{"embeddable":true,"href":"https:\/\/www.comunicatur.info\/es\/wp-json\/wp\/v2\/comments?post=16200"}],"version-history":[{"count":1,"href":"https:\/\/www.comunicatur.info\/es\/wp-json\/wp\/v2\/posts\/16200\/revisions"}],"predecessor-version":[{"id":16202,"href":"https:\/\/www.comunicatur.info\/es\/wp-json\/wp\/v2\/posts\/16200\/revisions\/16202"}],"wp:attachment":[{"href":"https:\/\/www.comunicatur.info\/es\/wp-json\/wp\/v2\/media?parent=16200"}],"wp:term":[{"taxonomy":"category","embeddable":true,"href":"https:\/\/www.comunicatur.info\/es\/wp-json\/wp\/v2\/categories?post=16200"},{"taxonomy":"post_tag","embeddable":true,"href":"https:\/\/www.comunicatur.info\/es\/wp-json\/wp\/v2\/tags?post=16200"}],"curies":[{"name":"wp","href":"https:\/\/api.w.org\/{rel}","templated":true}]}}