{"id":16137,"date":"2020-12-23T00:00:18","date_gmt":"2020-12-22T22:00:18","guid":{"rendered":"https:\/\/comunicatur.info\/?p=16137"},"modified":"2020-12-22T18:57:01","modified_gmt":"2020-12-22T16:57:01","slug":"la-justicia-tumba-los-proyectos-de-baqueira-y-hard-rock","status":"publish","type":"post","link":"https:\/\/www.comunicatur.info\/es\/la-justicia-tumba-los-proyectos-de-baqueira-y-hard-rock\/","title":{"rendered":"La justicia tumba los proyectos de Baqueira y Hard Rock"},"content":{"rendered":"<p>Los tribunales de justicia han bloqueado las propuestas de ampliaci\u00f3n de la estaci\u00f3n de esqu\u00ed de Baqueira Beret y el ordenamiento urban\u00edstico del complejo de Hard Rock, conocido como BCN World.<!--more--><\/p>\n<p><img class=\"alignright size-medium wp-image-14813\" src=\"https:\/\/www.comunicatur.info\/wp-content\/uploads\/2019\/12\/ski_neu_lleida_esqui-300x200.jpg\" alt=\"\" width=\"300\" height=\"200\" srcset=\"https:\/\/www.comunicatur.info\/wp-content\/uploads\/2019\/12\/ski_neu_lleida_esqui-300x200.jpg 300w, https:\/\/www.comunicatur.info\/wp-content\/uploads\/2019\/12\/ski_neu_lleida_esqui-768x512.jpg 768w, https:\/\/www.comunicatur.info\/wp-content\/uploads\/2019\/12\/ski_neu_lleida_esqui-600x400.jpg 600w, https:\/\/www.comunicatur.info\/wp-content\/uploads\/2019\/12\/ski_neu_lleida_esqui.jpg 900w\" sizes=\"(max-width: 300px) 100vw, 300px\" \/>En el caso de Baqueira Beret, el Tribunal Superior de Justicia de Catalu\u00f1a (TSJC) ha tumbado el nuevo telesilla que la estaci\u00f3n quer\u00eda construir en una zona perif\u00e9rica al Parque Nacional de Aig\u00fcestortes. La Generalitat hab\u00eda aprobado en 2017 la modificaci\u00f3n del plan especial urban\u00edstico, pero ahora el tribunal lo ha declarado nulo.<\/p>\n<p>La estaci\u00f3n invernal l\u00edder de Espa\u00f1a quer\u00eda ampliar sus instalaciones desde la Val de Aran hasta la comarca colindante del Pallars Sobir\u00e0.<\/p>\n<p>En cuanto al complejo de Hard Rock en Vila-seca y Salou, que acumula una cantidad de obst\u00e1culos y retrasos que cuestionan la seriedad del proyecto, la Generalitat ha vuelto a aplazar la compra de los terrenos por parte del Incas\u00f2l una vez agotado el en\u00e9simo plazo fijado para la operaci\u00f3n.<\/p>\n<p><img class=\"alignright size-medium wp-image-15712\" src=\"https:\/\/www.comunicatur.info\/wp-content\/uploads\/2020\/09\/HardRock_BCN_World-300x169.jpg\" alt=\"\" width=\"300\" height=\"169\" srcset=\"https:\/\/www.comunicatur.info\/wp-content\/uploads\/2020\/09\/HardRock_BCN_World-300x169.jpg 300w, https:\/\/www.comunicatur.info\/wp-content\/uploads\/2020\/09\/HardRock_BCN_World-600x339.jpg 600w, https:\/\/www.comunicatur.info\/wp-content\/uploads\/2020\/09\/HardRock_BCN_World.jpg 670w\" sizes=\"(max-width: 300px) 100vw, 300px\" \/>El Gobierno ha tenido que salir de urgencia a comunicar que efectuar\u00e1 la compraventa de los terrenos por un importe de 120 millones de euros, una vez modificado el planeamiento urban\u00edstico que declar\u00f3 nulo el TSJC, por sentencia firme.<\/p>\n<p>As\u00ed que se vuelve a hacer un nuevo calendario. Plantean aprobar definitivamente el nuevo Plan director urban\u00edstico (PDU) durante 2021 ajust\u00e1ndolo los aspectos cuestionados por el tribunal. Dos meses despu\u00e9s del Instituto Catal\u00e1n del Suelo (Incas\u00f2l) efectuar\u00e1 la compra de los terrenos a La Caixa para su posterior venta en Hard Rock, esto sit\u00faa el calendario en 2022.<\/p>\n","protected":false},"excerpt":{"rendered":"<p>Los tribunales de justicia han bloqueado las propuestas de ampliaci\u00f3n de la estaci\u00f3n de esqu\u00ed de Baqueira Beret y el ordenamiento urban\u00edstico del complejo de Hard Rock, conocido como BCN World. En el caso de Baqueira Beret, el Tribunal Superior de Justicia de Catalu\u00f1a (TSJC) ha tumbado el nuevo telesilla que la estaci\u00f3n quer\u00eda construir &hellip;<\/p>\n","protected":false},"author":408,"featured_media":0,"comment_status":"closed","ping_status":"open","sticky":false,"template":"","format":"standard","meta":[],"categories":[61],"tags":[],"_links":{"self":[{"href":"https:\/\/www.comunicatur.info\/es\/wp-json\/wp\/v2\/posts\/16137"}],"collection":[{"href":"https:\/\/www.comunicatur.info\/es\/wp-json\/wp\/v2\/posts"}],"about":[{"href":"https:\/\/www.comunicatur.info\/es\/wp-json\/wp\/v2\/types\/post"}],"author":[{"embeddable":true,"href":"https:\/\/www.comunicatur.info\/es\/wp-json\/wp\/v2\/users\/408"}],"replies":[{"embeddable":true,"href":"https:\/\/www.comunicatur.info\/es\/wp-json\/wp\/v2\/comments?post=16137"}],"version-history":[{"count":1,"href":"https:\/\/www.comunicatur.info\/es\/wp-json\/wp\/v2\/posts\/16137\/revisions"}],"predecessor-version":[{"id":16138,"href":"https:\/\/www.comunicatur.info\/es\/wp-json\/wp\/v2\/posts\/16137\/revisions\/16138"}],"wp:attachment":[{"href":"https:\/\/www.comunicatur.info\/es\/wp-json\/wp\/v2\/media?parent=16137"}],"wp:term":[{"taxonomy":"category","embeddable":true,"href":"https:\/\/www.comunicatur.info\/es\/wp-json\/wp\/v2\/categories?post=16137"},{"taxonomy":"post_tag","embeddable":true,"href":"https:\/\/www.comunicatur.info\/es\/wp-json\/wp\/v2\/tags?post=16137"}],"curies":[{"name":"wp","href":"https:\/\/api.w.org\/{rel}","templated":true}]}}