{"id":16131,"date":"2020-12-22T00:00:19","date_gmt":"2020-12-21T22:00:19","guid":{"rendered":"https:\/\/comunicatur.info\/?p=16131"},"modified":"2020-12-19T19:27:12","modified_gmt":"2020-12-19T17:27:12","slug":"se-manifiestan-en-las-calles-las-agencias-de-viaje-la-hosteleria-y-los-guias-turisticos","status":"publish","type":"post","link":"https:\/\/www.comunicatur.info\/es\/se-manifiestan-en-las-calles-las-agencias-de-viaje-la-hosteleria-y-los-guias-turisticos\/","title":{"rendered":"Se manifiestan en las calles las agencias de viaje, la hosteler\u00eda y los gu\u00edas tur\u00edsticos"},"content":{"rendered":"<p>Una situaci\u00f3n sin precedentes\u00a0en el sector tur\u00edstico se ha producido\u00a0estas semanas. Se\u00a0han echado a la calle el sector de las agencias de viajes, los gu\u00edas tur\u00edsticos y el mundo de la restauraci\u00f3n y la hosteler\u00eda.<!--more--><\/p>\n<p><img class=\"alignright size-medium wp-image-16129\" src=\"https:\/\/www.comunicatur.info\/wp-content\/uploads\/2020\/12\/agences-300x170.jpg\" alt=\"\" width=\"300\" height=\"170\" srcset=\"https:\/\/www.comunicatur.info\/wp-content\/uploads\/2020\/12\/agences-300x170.jpg 300w, https:\/\/www.comunicatur.info\/wp-content\/uploads\/2020\/12\/agences.jpg 443w\" sizes=\"(max-width: 300px) 100vw, 300px\" \/>Es muy dif\u00edcil encontrar precedentes de una acumulaci\u00f3n de manifestaciones de este tipo en la calle, de los diferentes subsectores tur\u00edsticos reclamando a la administraci\u00f3n que tome cartas en el asunto y apoye a un sector tur\u00edstico qu\u00e9 se encuentra en la UCI.<\/p>\n<p>Las agencias de viajes de toda Espa\u00f1a se manifestaron en las principales plazas del pa\u00eds exigiendo ayudas a la administraci\u00f3n. En Barcelona se dieron cita m\u00e1s de 300 personas en la Plaza Sant Jaume reclamando un plan de rescate que les permita sobrevivir hasta que se reactive la actividad. La movilizaci\u00f3n contaba con el apoyo de la Asociaci\u00f3n Corporativa de Agencias de Viajes Especializadas (ACAVe) que calcula que en Catalu\u00f1a el sector de las agencias emplea a 17.000 trabajadores.<\/p>\n<p>Mart\u00ed Sarrate, presidente de ACAVe, asegura que las ayudas son \u00abinsuficientes\u00bb y reclama ayudas directas al sector y tambi\u00e9n medidas urgentes que faciliten la movilidad con garant\u00edas, factor b\u00e1sico para reactivar los viajes en el pr\u00f3ximo a\u00f1o.<\/p>\n<p><strong>Los gu\u00edas tur\u00edsticos se sienten abandonados<\/strong><\/p>\n<p><img class=\"alignright size-medium wp-image-16128\" src=\"https:\/\/www.comunicatur.info\/wp-content\/uploads\/2020\/12\/guies_turisme-300x149.jpg\" alt=\"\" width=\"300\" height=\"149\" srcset=\"https:\/\/www.comunicatur.info\/wp-content\/uploads\/2020\/12\/guies_turisme-300x149.jpg 300w, https:\/\/www.comunicatur.info\/wp-content\/uploads\/2020\/12\/guies_turisme-600x298.jpg 600w, https:\/\/www.comunicatur.info\/wp-content\/uploads\/2020\/12\/guies_turisme.jpg 764w\" sizes=\"(max-width: 300px) 100vw, 300px\" \/>Por su parte, los gu\u00edas\u00a0oficiales\u00a0de turismo de Catalu\u00f1a tambi\u00e9n se han manifestado en la calle para pedir a la administraci\u00f3n de la Generalidad que tome medidas contra el intrusismo de los gu\u00edas \u201cpiratas\u201d que ofrecen los denominados \u2018free tours\u2019.\u00a0Una de las medidas que piden es que se recupere el carnet personal\u00a0que exped\u00eda la Generalitat a todos gu\u00edas oficiales.\u00a0Con este documento, dicen, los turistas pueden identificar aquellos profesionales que cuentan con la habilitaci\u00f3n de la administraci\u00f3n y diferenciarlos de aquellos que act\u00faan en plena calle ofreciendo tambi\u00e9n servicios de gu\u00eda.<\/p>\n<p><strong>La hosteler\u00eda se indigna<\/strong><strong>\u00a0<\/strong><\/p>\n<p><img class=\"alignright size-medium wp-image-16126\" src=\"https:\/\/www.comunicatur.info\/wp-content\/uploads\/2020\/12\/mani2_restauraci\u00f3-300x168.jpg\" alt=\"\" width=\"300\" height=\"168\" srcset=\"https:\/\/www.comunicatur.info\/wp-content\/uploads\/2020\/12\/mani2_restauraci\u00f3-300x168.jpg 300w, https:\/\/www.comunicatur.info\/wp-content\/uploads\/2020\/12\/mani2_restauraci\u00f3.jpg 595w\" sizes=\"(max-width: 300px) 100vw, 300px\" \/>El sector de la restauraci\u00f3n vuelve a estar en el centro de las medidas de contenci\u00f3n de la COVID-19.\u00a0Los gobiernos auton\u00f3micos mantienen duras restricciones sobre bares y restaurantes que convierten estos negocios en inviables. En el caso de Catalu\u00f1a, el Gremio de Restauraci\u00f3n de Barcelona ha llegado a calificar las medidas de la Generalitat como una declaraci\u00f3n de guerra. Acusan al\u00a0Govern\u00a0de tener una obsesi\u00f3n enfermiza contra ellos y de transmitir un mensaje a la sociedad de que la hosteler\u00eda es culpable del repunte de infecciones.\u00a0Las diferentes\u00a0asociaciones que agrupan a los restauradores catalanes se manifiestan en la calle\u00a0pr\u00e1cticamente cada semana.<\/p>\n","protected":false},"excerpt":{"rendered":"<p>Una situaci\u00f3n sin precedentes\u00a0en el sector tur\u00edstico se ha producido\u00a0estas semanas. Se\u00a0han echado a la calle el sector de las agencias de viajes, los gu\u00edas tur\u00edsticos y el mundo de la restauraci\u00f3n y la hosteler\u00eda. Es muy dif\u00edcil encontrar precedentes de una acumulaci\u00f3n de manifestaciones de este tipo en la calle, de los diferentes subsectores &hellip;<\/p>\n","protected":false},"author":408,"featured_media":0,"comment_status":"closed","ping_status":"open","sticky":false,"template":"","format":"standard","meta":[],"categories":[61],"tags":[],"_links":{"self":[{"href":"https:\/\/www.comunicatur.info\/es\/wp-json\/wp\/v2\/posts\/16131"}],"collection":[{"href":"https:\/\/www.comunicatur.info\/es\/wp-json\/wp\/v2\/posts"}],"about":[{"href":"https:\/\/www.comunicatur.info\/es\/wp-json\/wp\/v2\/types\/post"}],"author":[{"embeddable":true,"href":"https:\/\/www.comunicatur.info\/es\/wp-json\/wp\/v2\/users\/408"}],"replies":[{"embeddable":true,"href":"https:\/\/www.comunicatur.info\/es\/wp-json\/wp\/v2\/comments?post=16131"}],"version-history":[{"count":1,"href":"https:\/\/www.comunicatur.info\/es\/wp-json\/wp\/v2\/posts\/16131\/revisions"}],"predecessor-version":[{"id":16132,"href":"https:\/\/www.comunicatur.info\/es\/wp-json\/wp\/v2\/posts\/16131\/revisions\/16132"}],"wp:attachment":[{"href":"https:\/\/www.comunicatur.info\/es\/wp-json\/wp\/v2\/media?parent=16131"}],"wp:term":[{"taxonomy":"category","embeddable":true,"href":"https:\/\/www.comunicatur.info\/es\/wp-json\/wp\/v2\/categories?post=16131"},{"taxonomy":"post_tag","embeddable":true,"href":"https:\/\/www.comunicatur.info\/es\/wp-json\/wp\/v2\/tags?post=16131"}],"curies":[{"name":"wp","href":"https:\/\/api.w.org\/{rel}","templated":true}]}}