{"id":16079,"date":"2020-12-16T00:00:54","date_gmt":"2020-12-15T22:00:54","guid":{"rendered":"https:\/\/comunicatur.info\/?p=16079"},"modified":"2020-12-13T19:04:54","modified_gmt":"2020-12-13T17:04:54","slug":"el-bergueda-iniciativas-en-la-comarca-para-recuperar-el-sector","status":"publish","type":"post","link":"https:\/\/www.comunicatur.info\/es\/el-bergueda-iniciativas-en-la-comarca-para-recuperar-el-sector\/","title":{"rendered":"El Bergued\u00e0, iniciativas en la comarca para recuperar el sector"},"content":{"rendered":"<figure id=\"attachment_16076\" aria-describedby=\"caption-attachment-16076\" style=\"width: 300px\" class=\"wp-caption alignright\"><img class=\"size-medium wp-image-16076\" src=\"https:\/\/www.comunicatur.info\/wp-content\/uploads\/2020\/12\/IMMA-ESPEL_BERGUED\u00c0_2-300x300.jpg\" alt=\"\" width=\"300\" height=\"300\" srcset=\"https:\/\/www.comunicatur.info\/wp-content\/uploads\/2020\/12\/IMMA-ESPEL_BERGUED\u00c0_2-300x300.jpg 300w, https:\/\/www.comunicatur.info\/wp-content\/uploads\/2020\/12\/IMMA-ESPEL_BERGUED\u00c0_2-150x150.jpg 150w, https:\/\/www.comunicatur.info\/wp-content\/uploads\/2020\/12\/IMMA-ESPEL_BERGUED\u00c0_2.jpg 337w\" sizes=\"(max-width: 300px) 100vw, 300px\" \/><figcaption id=\"caption-attachment-16076\" class=\"wp-caption-text\">Imma Espel Casas<\/figcaption><\/figure>\n<p>El Bergued\u00e0 es una comarca de interior, ubicada en el Prepirineo, en el extremo norte de la provincia de Barcelona. <strong>Definen su paisaje las monta\u00f1as m\u00e1s altas en el norte, el valle del r\u00edo Llobregat atraves\u00e1ndola de norte a sur y la llanura, m\u00e1s abajo de la capital de la comarca, Berga.<\/strong><!--more--><\/p>\n<p>El paisaje y los recursos naturales han definido a lo largo del tiempo las actividades que se han realizado: miner\u00eda de carb\u00f3n en el norte, colonias textiles a lo largo del r\u00edo y las grandes casas solariegas rodeadas de tierras agr\u00edcolas en la zona m\u00e1s llana.<\/p>\n<p>El paisaje y las actividades productivas han condicionado lo que actualmente el Bergued\u00e0 ofrece al visitante\/turista. <strong>As\u00ed, a los amantes de los paisajes de monta\u00f1a, el Parque Natural del Cad\u00ed Moixer\u00f3 y la monta\u00f1a del Pedraforca los acogen<\/strong> para poder llenar la c\u00e1mara de fotograf\u00edas espectaculares. Por otro lado, este pasado minero y textil ha dejado <strong>un rico patrimonio industrial<\/strong> que ahora es visitable y permite descubrir como se vivi\u00f3 y trabaj\u00f3 en el Bergued\u00e0 durante la revoluci\u00f3n industrial y todo lo que esto comport\u00f3 social y econ\u00f3micamente.<\/p>\n<p><strong>Tambi\u00e9n las casas solariegas reconvertidas en muchos casos en alojamientos de turismo rural ofrecen la posibilidad de disfrutar de un entorno tranquilo<\/strong>, lleno de sensaciones, que nos vinculan con la tierra. Los productos agroalimentarios de calidad (carne, cereales, l\u00e1cticos\u2026) cierran el c\u00edrculo de los sentidos en las manos de los cocineros y cocineras del territorio.<\/p>\n<p>Hay diversidad de visitantes que vienen a la comarca a realizar estancias con objetivos diferentes: pasear un rato, hacer una traves\u00eda de varios d\u00edas, pedalear, escalar, correr, comer, buscar setas, mirar el cielo, descansar, cuidarse, reconectar\u2026<\/p>\n<p>La proximidad que tenemos a Barcelona y al \u00e1rea metropolitana ha permitido, en la situaci\u00f3n actual, que personas que no conoc\u00edan la comarca se hayan acercado y se hayan sorprendido de la variedad de propuestas tur\u00edsticas existentes, as\u00ed como de la oferta cultural. A pesar de las limitaciones, <strong>este verano hemos podido disfrutar de conciertos en iglesias rom\u00e1nicas, de exposiciones de fotograf\u00eda o de arte en espacios industriales o de exposiciones sobre nuestras fiestas m\u00e1s arraigadas.\u00a0 <\/strong><\/p>\n<p>La pandemia de la COVID ha hecho que el verano y el oto\u00f1o de este 2020 hayan sido muy diferentes a los habituales, pero el sector tur\u00edstico ha hecho los cambios necesarios para adaptarse y mostrar al visitante su profesionalidad.<\/p>\n<p>Las consecuencias de la pandemia no han terminado y tendremos que ir viendo como nos adaptamos a la nueva situaci\u00f3n. Pero las crisis generan tambi\u00e9n oportunidades que tenemos que saber aprovechar. As\u00ed, por ejemplo, <strong>en el Bergued\u00e0 nos hace falta fidelizar este turista que ha venido por primera vez para que repita en el futuro<\/strong> y tenemos que poner en valor lo que hace que seamos un territorio interesante para ser visitado (y vivido): las experiencias tranquilas, sencillas, honestas, el huir de las grandes aglomeraciones, el saber apreciar el buen producto en la mesa, el poder respirar aire limpio y escuchar el ruido de las hojas o el canto de los p\u00e1jaros.<\/p>\n<p>Para conseguir que el turista escoja el Bergued\u00e0 y no otro destino, tenemos que ser buenos anfitriones y ofrecer experiencias emocionantes, pero siempre teniendo en cuenta que <strong>hay que preservar nuestros recursos naturales y culturales y, por lo tanto, tenemos que ser capaces de gestionar el acceso a los espacios naturales, de compatibilizar diferentes actividades y de hacer convivir diferentes sectores productivos. <\/strong><\/p>\n<p>Bas\u00e1ndonos en el concepto de sostenibilidad, <strong>el turismo tiene que permitir disfrutar de los recursos naturales y culturales par generar riqueza para los habitantes del territorio, pero sin malograr el patrimonio ni el estilo de vida de los que vivimos aqu\u00ed. <\/strong>No es un equilibrio f\u00e1cil, pero es la \u00fanica opci\u00f3n para hacerlo bien.<\/p>\n<p><img class=\"alignright size-medium wp-image-16077\" src=\"https:\/\/www.comunicatur.info\/wp-content\/uploads\/2020\/12\/IMMA-ESPEL_BERGUED\u00c0_1-300x230.jpg\" alt=\"\" width=\"300\" height=\"230\" srcset=\"https:\/\/www.comunicatur.info\/wp-content\/uploads\/2020\/12\/IMMA-ESPEL_BERGUED\u00c0_1-300x230.jpg 300w, https:\/\/www.comunicatur.info\/wp-content\/uploads\/2020\/12\/IMMA-ESPEL_BERGUED\u00c0_1.jpg 406w\" sizes=\"(max-width: 300px) 100vw, 300px\" \/><br \/>\n<em><strong>Imma Espel Casas<\/strong><\/em><br \/>\n<em> Coordinadora de turismo de la Ag\u00e8ncia de Desenvolupament del Bergued\u00e0<\/em><\/p>\n<p>&nbsp;<\/p>\n<p>M\u00c1S INFORMACI\u00d3N: <a href=\"http:\/\/www.visitbergueda.cat\/es\" target=\"_blank\" rel=\"noopener\">www.visitbergueda.cat\/es<\/a><\/p>\n","protected":false},"excerpt":{"rendered":"<p>El Bergued\u00e0 es una comarca de interior, ubicada en el Prepirineo, en el extremo norte de la provincia de Barcelona. Definen su paisaje las monta\u00f1as m\u00e1s altas en el norte, el valle del r\u00edo Llobregat atraves\u00e1ndola de norte a sur y la llanura, m\u00e1s abajo de la capital de la comarca, Berga. El paisaje y &hellip;<\/p>\n","protected":false},"author":408,"featured_media":0,"comment_status":"closed","ping_status":"open","sticky":false,"template":"","format":"standard","meta":[],"categories":[62,73],"tags":[],"_links":{"self":[{"href":"https:\/\/www.comunicatur.info\/es\/wp-json\/wp\/v2\/posts\/16079"}],"collection":[{"href":"https:\/\/www.comunicatur.info\/es\/wp-json\/wp\/v2\/posts"}],"about":[{"href":"https:\/\/www.comunicatur.info\/es\/wp-json\/wp\/v2\/types\/post"}],"author":[{"embeddable":true,"href":"https:\/\/www.comunicatur.info\/es\/wp-json\/wp\/v2\/users\/408"}],"replies":[{"embeddable":true,"href":"https:\/\/www.comunicatur.info\/es\/wp-json\/wp\/v2\/comments?post=16079"}],"version-history":[{"count":3,"href":"https:\/\/www.comunicatur.info\/es\/wp-json\/wp\/v2\/posts\/16079\/revisions"}],"predecessor-version":[{"id":16082,"href":"https:\/\/www.comunicatur.info\/es\/wp-json\/wp\/v2\/posts\/16079\/revisions\/16082"}],"wp:attachment":[{"href":"https:\/\/www.comunicatur.info\/es\/wp-json\/wp\/v2\/media?parent=16079"}],"wp:term":[{"taxonomy":"category","embeddable":true,"href":"https:\/\/www.comunicatur.info\/es\/wp-json\/wp\/v2\/categories?post=16079"},{"taxonomy":"post_tag","embeddable":true,"href":"https:\/\/www.comunicatur.info\/es\/wp-json\/wp\/v2\/tags?post=16079"}],"curies":[{"name":"wp","href":"https:\/\/api.w.org\/{rel}","templated":true}]}}