{"id":16057,"date":"2020-12-11T00:00:32","date_gmt":"2020-12-10T22:00:32","guid":{"rendered":"https:\/\/comunicatur.info\/?p=16057"},"modified":"2020-12-10T18:03:31","modified_gmt":"2020-12-10T16:03:31","slug":"norwegian-entra-en-el-abismo-y-pone-un-primer-pie-en-la-quiebra","status":"publish","type":"post","link":"https:\/\/www.comunicatur.info\/es\/norwegian-entra-en-el-abismo-y-pone-un-primer-pie-en-la-quiebra\/","title":{"rendered":"Norwegian entra en el abismo y pone un primer pie en la quiebra"},"content":{"rendered":"<p>La compa\u00f1\u00eda a\u00e9rea de bajo coste Norwegian ha entrado en pocas horas en concurso de acreedores en Irlanda y en Noruega para evitar la quiebra definitiva.<!--more--><\/p>\n<p><img class=\"alignright size-medium wp-image-11997\" src=\"https:\/\/www.comunicatur.info\/wp-content\/uploads\/2018\/04\/norwegian_avio-300x212.jpg\" alt=\"\" width=\"300\" height=\"212\" srcset=\"https:\/\/www.comunicatur.info\/wp-content\/uploads\/2018\/04\/norwegian_avio-300x212.jpg 300w, https:\/\/www.comunicatur.info\/wp-content\/uploads\/2018\/04\/norwegian_avio.jpg 435w\" sizes=\"(max-width: 300px) 100vw, 300px\" \/>La situaci\u00f3n cr\u00edtica de la aerol\u00ednea noruega era conocida en el sector desde hace meses. La compa\u00f1\u00eda da este paso para poder iniciar una reconstrucci\u00f3n a la desesperada. La justicia irlandesa y noruega han entendido que la aerol\u00ednea no tiene opciones de llegar a un acuerdo con sus acreedores y le permite entrar en este proceso concursal.<\/p>\n<p>La intenci\u00f3n de Norwegian es reducir la deuda tanto como le sea posible para poder captar algunos inversores. Un primer paso ser\u00e1 la reducci\u00f3n de su flota de aviones. A pesar de ello, la compa\u00f1\u00eda asegura que seguir\u00e1 operando sus rutas con normalidad.<\/p>\n<p>La Covid-19 ha acabado de dar el golpe casi definitivo a una bajo coste que arrastra una situaci\u00f3n cr\u00edtica desde hace a\u00f1os. Hasta 600 millones de euros en p\u00e9rdidas acumula en lo que va de a\u00f1o. Como ya explicamos en Comunicatur <a href=\"https:\/\/www.comunicatur.info\/es\/la-crisis-mas-profunda-de-la-aviacion-moderna\/\" target=\"_blank\" rel=\"noopener noreferrer\">el sector a\u00e9reo se enfrenta a una situaci\u00f3n de cambios estructurales contundentes.<\/a><\/p>\n<p>La aerol\u00ednea ha ido trampeando suspendiendo empleos, reduciendo rutas, acumulando centenares de millones de euros de deuda en acciones y accediendo a una ayuda estatal millonaria. Ahora entra en la fase de la \u00faltima oportunidad. Otro punto a tener en cuenta es que Norwegian ha sido una de las compa\u00f1\u00edas que m\u00e1s han apostado por las conexiones intercontinentales desde el aeropuerto de Barcelona. En 2019 el n\u00famero de pasajeros que movi\u00f3 en El Prat fue de 1,7 millones.<\/p>\n","protected":false},"excerpt":{"rendered":"<p>La compa\u00f1\u00eda a\u00e9rea de bajo coste Norwegian ha entrado en pocas horas en concurso de acreedores en Irlanda y en Noruega para evitar la quiebra definitiva. La situaci\u00f3n cr\u00edtica de la aerol\u00ednea noruega era conocida en el sector desde hace meses. La compa\u00f1\u00eda da este paso para poder iniciar una reconstrucci\u00f3n a la desesperada. La &hellip;<\/p>\n","protected":false},"author":408,"featured_media":0,"comment_status":"closed","ping_status":"open","sticky":false,"template":"","format":"standard","meta":[],"categories":[65],"tags":[],"_links":{"self":[{"href":"https:\/\/www.comunicatur.info\/es\/wp-json\/wp\/v2\/posts\/16057"}],"collection":[{"href":"https:\/\/www.comunicatur.info\/es\/wp-json\/wp\/v2\/posts"}],"about":[{"href":"https:\/\/www.comunicatur.info\/es\/wp-json\/wp\/v2\/types\/post"}],"author":[{"embeddable":true,"href":"https:\/\/www.comunicatur.info\/es\/wp-json\/wp\/v2\/users\/408"}],"replies":[{"embeddable":true,"href":"https:\/\/www.comunicatur.info\/es\/wp-json\/wp\/v2\/comments?post=16057"}],"version-history":[{"count":1,"href":"https:\/\/www.comunicatur.info\/es\/wp-json\/wp\/v2\/posts\/16057\/revisions"}],"predecessor-version":[{"id":16058,"href":"https:\/\/www.comunicatur.info\/es\/wp-json\/wp\/v2\/posts\/16057\/revisions\/16058"}],"wp:attachment":[{"href":"https:\/\/www.comunicatur.info\/es\/wp-json\/wp\/v2\/media?parent=16057"}],"wp:term":[{"taxonomy":"category","embeddable":true,"href":"https:\/\/www.comunicatur.info\/es\/wp-json\/wp\/v2\/categories?post=16057"},{"taxonomy":"post_tag","embeddable":true,"href":"https:\/\/www.comunicatur.info\/es\/wp-json\/wp\/v2\/tags?post=16057"}],"curies":[{"name":"wp","href":"https:\/\/api.w.org\/{rel}","templated":true}]}}