{"id":16053,"date":"2020-12-09T00:00:21","date_gmt":"2020-12-08T22:00:21","guid":{"rendered":"https:\/\/comunicatur.info\/?p=16053"},"modified":"2020-12-11T18:42:39","modified_gmt":"2020-12-11T16:42:39","slug":"el-pect-turistic-en-familia-de-la-diputacion-de-tarragona-ha-celebrado-tres-operaciones-formativas-con-gran-exito","status":"publish","type":"post","link":"https:\/\/www.comunicatur.info\/es\/el-pect-turistic-en-familia-de-la-diputacion-de-tarragona-ha-celebrado-tres-operaciones-formativas-con-gran-exito\/","title":{"rendered":"El PECT TurisTIC en familia de la Diputaci\u00f3n de Tarragona ha celebrado diversas acciones formativas con gran \u00e9xito"},"content":{"rendered":"<p><strong>El Proyecto de Especializaci\u00f3n y Competitividad Territorial<\/strong> (PECT) TurisTIC en familia que lidera la Diputaci\u00f3n de Tarragona y que en tres de sus 11 operaciones implica fuertemente al <strong>Patronato de Turismo<\/strong> de la Diputaci\u00f3n, avanza a buen ritmo.<!--more--><\/p>\n<p>En los \u00faltimos meses se han celebrado jornadas y talleres de cariz formativo de las tres operaciones que lidera el Patronato: <strong>Patrimonio cultural, Playa innovadora y Vi\u00f1a en familia.<\/strong><\/p>\n<p><strong>La operaci\u00f3n Patrimonio cultural valoriza la recreaci\u00f3n hist\u00f3rica para familias<\/strong><\/p>\n<figure id=\"attachment_16050\" aria-describedby=\"caption-attachment-16050\" style=\"width: 300px\" class=\"wp-caption alignright\"><img class=\"size-medium wp-image-16050\" src=\"https:\/\/www.comunicatur.info\/wp-content\/uploads\/2020\/12\/PLATJA-INNOVADORA_2-300x200.jpg\" alt=\"\" width=\"300\" height=\"200\" srcset=\"https:\/\/www.comunicatur.info\/wp-content\/uploads\/2020\/12\/PLATJA-INNOVADORA_2-300x200.jpg 300w, https:\/\/www.comunicatur.info\/wp-content\/uploads\/2020\/12\/PLATJA-INNOVADORA_2-768x512.jpg 768w, https:\/\/www.comunicatur.info\/wp-content\/uploads\/2020\/12\/PLATJA-INNOVADORA_2-1024x683.jpg 1024w, https:\/\/www.comunicatur.info\/wp-content\/uploads\/2020\/12\/PLATJA-INNOVADORA_2-600x400.jpg 600w\" sizes=\"(max-width: 300px) 100vw, 300px\" \/><figcaption id=\"caption-attachment-16050\" class=\"wp-caption-text\">Foto Tjerk van der Meulen. Dipta<\/figcaption><\/figure>\n<p>La idea del Patronato es impulsar un proyecto de vertebraci\u00f3n y valorizaci\u00f3n de la oferta cultural de las Fiestas y actividades de recreaci\u00f3n hist\u00f3rica orientada a las familias con el objetivo principal de conseguir la presencia continua de este segmento tan importante en los destinos Costa Daurada y Terres de l\u2019Ebre.<br \/>\nPara hacerlo realidad y despu\u00e9s de haber analizado la oferta existente, se trabaja con la vista puesta en acontecimientos conocidos, como, por ejemplo, la Semana Medieval de Montblanc, el Festival Tarraco Viva o las Fiestas del Renaixement.<\/p>\n<p>As\u00ed, durante el mes de noviembre se han realizado diferentes sesiones de trabajo con los agentes culturales de la Costa Daurada y las Terres de l\u2019Ebre para la conceptualizaci\u00f3n, estructuraci\u00f3n de la oferta y dise\u00f1o de nuevos productos de reconstrucci\u00f3n hist\u00f3rica dirigidos a las familias, sin olvidar la mejora de los que ya existen..<\/p>\n<p><strong>Operaci\u00f3n Playa innovadora: con la mirada puesta en el cambio clim\u00e1tico<\/strong><\/p>\n<p><img class=\"alignright size-medium wp-image-16049\" src=\"https:\/\/www.comunicatur.info\/wp-content\/uploads\/2020\/12\/PLATJA-INNOVADORA_1-300x197.jpg\" alt=\"\" width=\"300\" height=\"197\" srcset=\"https:\/\/www.comunicatur.info\/wp-content\/uploads\/2020\/12\/PLATJA-INNOVADORA_1-300x197.jpg 300w, https:\/\/www.comunicatur.info\/wp-content\/uploads\/2020\/12\/PLATJA-INNOVADORA_1-768x503.jpg 768w, https:\/\/www.comunicatur.info\/wp-content\/uploads\/2020\/12\/PLATJA-INNOVADORA_1-1024x671.jpg 1024w, https:\/\/www.comunicatur.info\/wp-content\/uploads\/2020\/12\/PLATJA-INNOVADORA_1-600x393.jpg 600w, https:\/\/www.comunicatur.info\/wp-content\/uploads\/2020\/12\/PLATJA-INNOVADORA_1.jpg 1465w\" sizes=\"(max-width: 300px) 100vw, 300px\" \/>La importancia del litoral es evidente en la Costa Daurada y las Terres de l\u2019Ebre. Por eso se ha trabajado intensamente este hilo del PECT TurisTIC en familia.<br \/>\nEn julio tuvo lugar la Mesa T\u00e9cnica sobre <strong>\u201cComunicaci\u00f3n Tur\u00edstica y Cambio clim\u00e1tico para destinos de sol y playa en el nuevo escenario\u201d<\/strong> coorganizada por el centro Eurecat y el Patronato de Turismo de la Diputaci\u00f3n de Tarragona y conducida por el f\u00edsico y periodista Tom\u00e0s Molina.<br \/>\nLos destinos litorales se muestran m\u00e1s vulnerables a efectos del cambio clim\u00e1tico. El incremento de la temperatura y del nivel del mar, as\u00ed como la proliferaci\u00f3n de fen\u00f3menos clim\u00e1ticos extremos como las inundaciones o sequias, son las principales consecuencias del cambio clim\u00e1tico. Pero, aun as\u00ed, hay que mostrarse optimista. Para Tom\u00e0s Molina estos <strong>aspectos pueden llegar a ser oportunidades para mantener la competitividad de los destinos, como la desestacionalizaci\u00f3n, la diversificaci\u00f3n con la creaci\u00f3n de nuevos productos o la adaptaci\u00f3n del calendario de usos y actividades de las playas seg\u00fan las caracter\u00edsticas atmosf\u00e9ricas.<\/strong><\/p>\n<p><em>Pod\u00e9is ver el informe de la Mesa T\u00e9cnica, el programa y los ejes de reflexi\u00f3n <\/em><a href=\"https:\/\/costadaurada.info\/coneix\/turistic-en-familia\/taula-de-treball-comunicacio-turistica-i-canvi-climatic\" target=\"_blank\" rel=\"noopener\"><strong><em>AQU\u00cd<\/em><\/strong><\/a><em>.<\/em><\/p>\n<p>Siguiendo con esta operaci\u00f3n, en noviembre, el Patronato organiz\u00f3 un taller de formaci\u00f3n virtual sobre <strong>\u201cCreaci\u00f3n de indicadores para la gesti\u00f3n de playas innovadores\u201d<\/strong>. Participaron t\u00e9cnicos de turismo y de medio ambiente de los 21 municipios que conforman el litoral de la Costa Daurada y las Terres de l\u2019Ebre. Se constituyeron cuatro grupos de trabajo y los objetivos fueron:<\/p>\n<ul>\n<li>Ampliar capacidades por la formulaci\u00f3n de sistemas de indicadores para la gesti\u00f3n municipal.<\/li>\n<li>Conocer el marco de los sistemas de indicadores existentes para afrontar el reto de la gesti\u00f3n tur\u00edstica integral.<\/li>\n<li>Co-crear un conjunto de indicadores alineados con los Objetivos de Desarrollo Sostenible (ODS) para las playas de la Costa Daurada y las Terres de l\u2019Ebre.<\/li>\n<li>Compartir buenas pr\u00e1cticas a nivel provincial de gesti\u00f3n sostenible de las playas.<\/li>\n<\/ul>\n<p>El \u00e9xito fue total, puesto que se recogieron una setentena de indicadores entre todas las propuestas de los asistentes. Esto servir\u00e1 para elaborar un sistema de indicadores de Playa Innovadora que sirva de referencia.<\/p>\n<p><em>Pod\u00e9is ver la presentaci\u00f3n del taller y sus resultados <\/em><a href=\"https:\/\/costadaurada.info\/coneix\/turistic-en-familia\/taller-de-formacio-creacio-dindicadors-per-a-la-gestio-de-platges\" target=\"_blank\" rel=\"noopener\"><strong><em>AQU\u00cd<\/em><\/strong><\/a><em>.<br \/>\n<\/em><br \/>\n<em>Y el v\u00eddeo en el canal de YouTube <\/em><a href=\"https:\/\/www.youtube.com\/watch?v=8TO7H0omq1w\" target=\"_blank\" rel=\"noopener\"><strong><em>AQU\u00cd.<\/em><\/strong><\/a><\/p>\n<p><img class=\"alignright size-medium wp-image-16048\" src=\"https:\/\/www.comunicatur.info\/wp-content\/uploads\/2020\/12\/Tallers-Vinya-en-fam\u00edlia-1-300x199.jpg\" alt=\"\" width=\"300\" height=\"199\" srcset=\"https:\/\/www.comunicatur.info\/wp-content\/uploads\/2020\/12\/Tallers-Vinya-en-fam\u00edlia-1-300x199.jpg 300w, https:\/\/www.comunicatur.info\/wp-content\/uploads\/2020\/12\/Tallers-Vinya-en-fam\u00edlia-1-768x511.jpg 768w, https:\/\/www.comunicatur.info\/wp-content\/uploads\/2020\/12\/Tallers-Vinya-en-fam\u00edlia-1-1024x681.jpg 1024w, https:\/\/www.comunicatur.info\/wp-content\/uploads\/2020\/12\/Tallers-Vinya-en-fam\u00edlia-1-600x399.jpg 600w\" sizes=\"(max-width: 300px) 100vw, 300px\" \/>Por \u00faltimo, a finales de noviembre se organiz\u00f3 un webinar sobre <strong>\u201cRetos tecnol\u00f3gicos por una playa innovadora\u201d<\/strong>, buscando que se pueda crear una red de playas inteligentes interconectadas entre s\u00ed que nutran de informaci\u00f3n \u00fatil a <a href=\"https:\/\/eurecat.org\/portfolio-items\/pect-turistic\/\" target=\"_blank\" rel=\"noopener\">la plataforma de datos TDS 2.0<\/a>, que ha de mejorar la informaci\u00f3n del Tourism Data System en el sentido que los datos sean mucho m\u00e1s adecuados a la realidad del litoral de Tarragona.<\/p>\n<p><strong>El objetivo final es ofrecer a los turistas, visitantes y residentes mejores servicios y actividades en las playas todo el a\u00f1o e incrementar la competitividad de los destinos<\/strong> <strong>tur\u00edsticos atendiendo el uso sostenible de las playas como recurso natural a preservar,<\/strong> y conseguir articular, a trav\u00e9s de la innovaci\u00f3n en su gesti\u00f3n, una gran diversidad de propuestas durante todo el a\u00f1o.<\/p>\n<p><em>Pod\u00e9is ver la presentaci\u00f3n y resultados de la sesi\u00f3n <\/em><a href=\"https:\/\/costadaurada.info\/coneix\/turistic-en-familia\/webinar-reptes-tecnologics-per-una-platja-innovadora\" target=\"_blank\" rel=\"noopener\"><strong><em>AQU\u00cd.<\/em><\/strong><\/a><\/p>\n<p><strong>Operaci\u00f3n Vi\u00f1a en familia: experiencias enotur\u00edsticas para un p\u00fablico familiar <\/strong><\/p>\n<p><img class=\"alignright size-medium wp-image-16051\" src=\"https:\/\/www.comunicatur.info\/wp-content\/uploads\/2020\/12\/Tallers-Vinya-en-fam\u00edlia-7-300x199.jpg\" alt=\"\" width=\"300\" height=\"199\" srcset=\"https:\/\/www.comunicatur.info\/wp-content\/uploads\/2020\/12\/Tallers-Vinya-en-fam\u00edlia-7-300x199.jpg 300w, https:\/\/www.comunicatur.info\/wp-content\/uploads\/2020\/12\/Tallers-Vinya-en-fam\u00edlia-7-768x511.jpg 768w, https:\/\/www.comunicatur.info\/wp-content\/uploads\/2020\/12\/Tallers-Vinya-en-fam\u00edlia-7-1024x681.jpg 1024w, https:\/\/www.comunicatur.info\/wp-content\/uploads\/2020\/12\/Tallers-Vinya-en-fam\u00edlia-7-600x399.jpg 600w\" sizes=\"(max-width: 300px) 100vw, 300px\" \/>Bajo la idea de crear nuevas experiencias enotur\u00edsticas para un p\u00fablico familiar se hicieron <strong>cuatro webinars formativos impartidos por la Wine Tourism School.<\/strong> Fueron seguidos de sesiones de trabajo en forma de talleres basados en el uso de la herramienta Moodboard que permite generar nuevas ideas y productos que diversifiquen la oferta tur\u00edstica de las zonas vitivin\u00edcolas de la Costa Daurada y las Terres de l\u2019Ebre.<br \/>\n<strong>Est\u00e1n pensados para bodegas, alojamientos y restaurantes de la Red de agentes de la operaci\u00f3n Vi\u00f1a en familia.<\/strong> Despu\u00e9s de la fase creativa de ideas, varios consultores har\u00e1n visitas y asesoramiento individual para llevar a buen puerto la creaci\u00f3n de nuevas actividades. <strong>El documento final, que tiene que recoger todas las nuevas experiencias, se prev\u00e9 que estar\u00e1 listo en el primer trimestre del 2021.<\/strong><\/p>\n<p><em>Pod\u00e9is ver lo 4 webinars <\/em><a href=\"https:\/\/www.youtube.com\/playlist?list=PLdcB4HgRxe-ZP5-2UUHs6uRx634lxLzE1\" target=\"_blank\" rel=\"noopener\"><strong><em>AQU\u00cd.<\/em><\/strong><\/a><\/p>\n<p><strong>Turis<\/strong><strong>TIC en fam\u00edlia, el Proyecto de Especializaci\u00f3n y Competitividad Territorial<\/p>\n<p><\/strong>El PECT TurisTIC en Familia est\u00e1 cofinanciado por el Fondo Europeo de Desarrollo Regional (FEDER) de la Uni\u00f3n Europea, en el marco del Programa Operativo FEDER de Catalu\u00f1a 2014-2020. Objetivo de inversi\u00f3n en crecimiento y ocupaci\u00f3n.<\/p>\n<p>Se trata de un proyecto de investigaci\u00f3n e innovaci\u00f3n que tiene que marcar un antes y un despu\u00e9s en el turismo de la Costa Daurada y las Terres de l\u2019Ebre, un punto y aparte en su definici\u00f3n y gesti\u00f3n como destinos tur\u00edsticos familiares innovadoras. De este modo, la Costa Daurada y las Terres de l\u2019Ebre se convierten en un observatorio y laboratorio europeo de referencia en tecnolog\u00edas y tendencias en turismo familiar.<\/p>\n","protected":false},"excerpt":{"rendered":"<p>El Proyecto de Especializaci\u00f3n y Competitividad Territorial (PECT) TurisTIC en familia que lidera la Diputaci\u00f3n de Tarragona y que en tres de sus 11 operaciones implica fuertemente al Patronato de Turismo de la Diputaci\u00f3n, avanza a buen ritmo. En los \u00faltimos meses se han celebrado jornadas y talleres de cariz formativo de las tres operaciones &hellip;<\/p>\n","protected":false},"author":408,"featured_media":0,"comment_status":"closed","ping_status":"open","sticky":false,"template":"","format":"standard","meta":[],"categories":[68,62],"tags":[],"_links":{"self":[{"href":"https:\/\/www.comunicatur.info\/es\/wp-json\/wp\/v2\/posts\/16053"}],"collection":[{"href":"https:\/\/www.comunicatur.info\/es\/wp-json\/wp\/v2\/posts"}],"about":[{"href":"https:\/\/www.comunicatur.info\/es\/wp-json\/wp\/v2\/types\/post"}],"author":[{"embeddable":true,"href":"https:\/\/www.comunicatur.info\/es\/wp-json\/wp\/v2\/users\/408"}],"replies":[{"embeddable":true,"href":"https:\/\/www.comunicatur.info\/es\/wp-json\/wp\/v2\/comments?post=16053"}],"version-history":[{"count":3,"href":"https:\/\/www.comunicatur.info\/es\/wp-json\/wp\/v2\/posts\/16053\/revisions"}],"predecessor-version":[{"id":16067,"href":"https:\/\/www.comunicatur.info\/es\/wp-json\/wp\/v2\/posts\/16053\/revisions\/16067"}],"wp:attachment":[{"href":"https:\/\/www.comunicatur.info\/es\/wp-json\/wp\/v2\/media?parent=16053"}],"wp:term":[{"taxonomy":"category","embeddable":true,"href":"https:\/\/www.comunicatur.info\/es\/wp-json\/wp\/v2\/categories?post=16053"},{"taxonomy":"post_tag","embeddable":true,"href":"https:\/\/www.comunicatur.info\/es\/wp-json\/wp\/v2\/tags?post=16053"}],"curies":[{"name":"wp","href":"https:\/\/api.w.org\/{rel}","templated":true}]}}