{"id":16043,"date":"2020-12-10T00:00:02","date_gmt":"2020-12-09T22:00:02","guid":{"rendered":"https:\/\/comunicatur.info\/?p=16043"},"modified":"2020-12-10T18:56:22","modified_gmt":"2020-12-10T16:56:22","slug":"las-estaciones-de-esqui-en-cataluna-quieren-abrir-pero-ya-no-aseguran-ninguna-fecha","status":"publish","type":"post","link":"https:\/\/www.comunicatur.info\/es\/las-estaciones-de-esqui-en-cataluna-quieren-abrir-pero-ya-no-aseguran-ninguna-fecha\/","title":{"rendered":"Las estaciones de esqu\u00ed en Catalu\u00f1a quieren abrir pero ya no aseguran ninguna fecha"},"content":{"rendered":"<p>Buena parte de las estaciones de esqu\u00ed catalanas ten\u00edan previsto abrir las instalaciones a partir de este 9 de diciembre, con permiso de la nieve y de las restricciones que puedan estar vigentes en ese momento. Pero asumen que no hay fecha de apertura asegurada.<!--more--><\/p>\n<p><img class=\"alignright size-medium wp-image-11377\" src=\"https:\/\/www.comunicatur.info\/wp-content\/uploads\/2017\/12\/SKITREN-Neu-300x169.jpg\" alt=\"\" width=\"300\" height=\"169\" srcset=\"https:\/\/www.comunicatur.info\/wp-content\/uploads\/2017\/12\/SKITREN-Neu-300x169.jpg 300w, https:\/\/www.comunicatur.info\/wp-content\/uploads\/2017\/12\/SKITREN-Neu-768x432.jpg 768w, https:\/\/www.comunicatur.info\/wp-content\/uploads\/2017\/12\/SKITREN-Neu-600x338.jpg 600w, https:\/\/www.comunicatur.info\/wp-content\/uploads\/2017\/12\/SKITREN-Neu.jpg 832w\" sizes=\"(max-width: 300px) 100vw, 300px\" \/>La Asociaci\u00f3n Catalana de Estaciones de Esqu\u00ed y Actividades de Monta\u00f1a (ACEM) espera que las estaciones act\u00faen de forma coordinada y la apertura se haga de forma unitaria en todo el sector. Pero est\u00e1 por ver qu\u00e9 presi\u00f3n realizan los gobiernos de Alemania, Francia, Italia y Andorra que no quieren dejar abrir hasta enero y piden al resto de estados que hagan lo mismo. Por si acaso, estos pa\u00edses han asegurado que tomar\u00e1n medidas para que sus ciudadanos no se desplacen a otras estaciones del extranjero.<\/p>\n<p>En cuanto est\u00e9 flexibilizada la movilidad entre comarcas en d\u00edas laborables las estaciones catalanas esperan recibir los primeros esquiadores. Las instalaciones han estado cerradas durante el puente de la Pur\u00edsima, en unas fechas de gran afluencia de esquiadores que tradicionalmente marca el inicio de la temporada de nieve.<\/p>\n<p><img class=\"alignright size-medium wp-image-11929\" src=\"https:\/\/www.comunicatur.info\/wp-content\/uploads\/2018\/03\/neu_baqueira-300x182.jpg\" alt=\"\" width=\"300\" height=\"182\" srcset=\"https:\/\/www.comunicatur.info\/wp-content\/uploads\/2018\/03\/neu_baqueira-300x182.jpg 300w, https:\/\/www.comunicatur.info\/wp-content\/uploads\/2018\/03\/neu_baqueira.jpg 367w\" sizes=\"(max-width: 300px) 100vw, 300px\" \/>La desescalada no ha permitido aprovechar un puente de cuatro d\u00edas por el confinamiento municipal de fin de semana y la mayor\u00eda de estaciones han pactado no precipitar la apertura y esperar a que pasen estos d\u00edas de fiesta.<\/p>\n<p>Comenzando la temporada un d\u00eda laborable la asistencia de esquiadores podr\u00eda ser m\u00e1s escalonada. En estos momentos los fines de semana est\u00e1 restringida la movilidad territorial y no pueden desplazarse esquiadores hasta los pirineos catalanes. Esperan a que la fase de la desescalada en Catalu\u00f1a permita una primera movilidad comarcal.<\/p>\n<p>En Catalu\u00f1a, salvo algunas excepciones, la mayor\u00eda de las estaciones de esqu\u00ed son de titularidad p\u00fablica. Las gestiona la empresa Ferrocarriles de la Generalidad. Destacan la Molina, Bo\u00ed Ta\u00fcll, N\u00faria, Vallter 2000, Espot o Port Ain\u00e9. La joya de la corona, Baqueira Beret tambi\u00e9n ten\u00eda prevista su presentaci\u00f3n de temporada hoy 10 de diciembre pero la ha pospuesto.<\/p>\n","protected":false},"excerpt":{"rendered":"<p>Buena parte de las estaciones de esqu\u00ed catalanas ten\u00edan previsto abrir las instalaciones a partir de este 9 de diciembre, con permiso de la nieve y de las restricciones que puedan estar vigentes en ese momento. Pero asumen que no hay fecha de apertura asegurada. La Asociaci\u00f3n Catalana de Estaciones de Esqu\u00ed y Actividades de &hellip;<\/p>\n","protected":false},"author":408,"featured_media":0,"comment_status":"closed","ping_status":"open","sticky":false,"template":"","format":"standard","meta":[],"categories":[62,61],"tags":[],"_links":{"self":[{"href":"https:\/\/www.comunicatur.info\/es\/wp-json\/wp\/v2\/posts\/16043"}],"collection":[{"href":"https:\/\/www.comunicatur.info\/es\/wp-json\/wp\/v2\/posts"}],"about":[{"href":"https:\/\/www.comunicatur.info\/es\/wp-json\/wp\/v2\/types\/post"}],"author":[{"embeddable":true,"href":"https:\/\/www.comunicatur.info\/es\/wp-json\/wp\/v2\/users\/408"}],"replies":[{"embeddable":true,"href":"https:\/\/www.comunicatur.info\/es\/wp-json\/wp\/v2\/comments?post=16043"}],"version-history":[{"count":3,"href":"https:\/\/www.comunicatur.info\/es\/wp-json\/wp\/v2\/posts\/16043\/revisions"}],"predecessor-version":[{"id":16062,"href":"https:\/\/www.comunicatur.info\/es\/wp-json\/wp\/v2\/posts\/16043\/revisions\/16062"}],"wp:attachment":[{"href":"https:\/\/www.comunicatur.info\/es\/wp-json\/wp\/v2\/media?parent=16043"}],"wp:term":[{"taxonomy":"category","embeddable":true,"href":"https:\/\/www.comunicatur.info\/es\/wp-json\/wp\/v2\/categories?post=16043"},{"taxonomy":"post_tag","embeddable":true,"href":"https:\/\/www.comunicatur.info\/es\/wp-json\/wp\/v2\/tags?post=16043"}],"curies":[{"name":"wp","href":"https:\/\/api.w.org\/{rel}","templated":true}]}}