{"id":16033,"date":"2020-12-04T00:00:22","date_gmt":"2020-12-03T22:00:22","guid":{"rendered":"https:\/\/comunicatur.info\/?p=16033"},"modified":"2020-12-03T18:43:43","modified_gmt":"2020-12-03T16:43:43","slug":"cataluna-euskadi-la-rioja-aragon-y-navarra-se-coordinan-para-gestionar-el-camino-ignaciano","status":"publish","type":"post","link":"https:\/\/www.comunicatur.info\/es\/cataluna-euskadi-la-rioja-aragon-y-navarra-se-coordinan-para-gestionar-el-camino-ignaciano\/","title":{"rendered":"Catalu\u00f1a, Euskadi, La Rioja, Arag\u00f3n y Navarra se coordinan para gestionar el Camino Ignaciano"},"content":{"rendered":"<p>Los territorios por donde pasa el Camino Ignaciano han acordado trabajar de forma conjunta para promocionar esta ruta tur\u00edstica y religiosa que recrea el itinerario que el caballero Ignacio de Loyola recorri\u00f3 en 1522 desde el Santuario de Loyola en Azpeitia, en el Pa\u00eds Vasco, hasta la ciudad catalana de Manresa.<!--more--><\/p>\n<p><img class=\"alignright size-medium wp-image-12592\" src=\"https:\/\/www.comunicatur.info\/wp-content\/uploads\/2018\/08\/Manresa-Bages-20Rutes-Senderisme-Ignasi\u00e0-S_Boixader-300x200.jpg\" alt=\"\" width=\"300\" height=\"200\" srcset=\"https:\/\/www.comunicatur.info\/wp-content\/uploads\/2018\/08\/Manresa-Bages-20Rutes-Senderisme-Ignasi\u00e0-S_Boixader-300x200.jpg 300w, https:\/\/www.comunicatur.info\/wp-content\/uploads\/2018\/08\/Manresa-Bages-20Rutes-Senderisme-Ignasi\u00e0-S_Boixader-768x512.jpg 768w, https:\/\/www.comunicatur.info\/wp-content\/uploads\/2018\/08\/Manresa-Bages-20Rutes-Senderisme-Ignasi\u00e0-S_Boixader-1024x683.jpg 1024w, https:\/\/www.comunicatur.info\/wp-content\/uploads\/2018\/08\/Manresa-Bages-20Rutes-Senderisme-Ignasi\u00e0-S_Boixader-600x400.jpg 600w, https:\/\/www.comunicatur.info\/wp-content\/uploads\/2018\/08\/Manresa-Bages-20Rutes-Senderisme-Ignasi\u00e0-S_Boixader.jpg 1301w\" sizes=\"(max-width: 300px) 100vw, 300px\" \/>Los gobiernos auton\u00f3micos de Catalu\u00f1a, Euskadi, La Rioja, Arag\u00f3n y la Comunidad Foral de Navarra elaborar\u00e1n un plan de marketing con acciones coordinadas. Las autonom\u00edas quieren constituir un equipo de gesti\u00f3n y difusi\u00f3n del <a href=\"http:\/\/www.covamanresa.cat\/es\/el-camino-ignaciano\" target=\"_blank\" rel=\"noopener noreferrer\">Camino Ignaciano<\/a> que los sume. Implicar\u00e1n recursos tur\u00edsticos y empresas de los cinco territorios por donde pasan los 700 kil\u00f3metros de este camino espiritual que tiene las similitudes de producto tur\u00edstico marcadas por el Camino de Santiago.<\/p>\n<p><img class=\"alignright size-medium wp-image-11452\" src=\"https:\/\/www.comunicatur.info\/wp-content\/uploads\/2018\/01\/camiStIgnasi-300x169.jpg\" alt=\"\" width=\"300\" height=\"169\" srcset=\"https:\/\/www.comunicatur.info\/wp-content\/uploads\/2018\/01\/camiStIgnasi-300x169.jpg 300w, https:\/\/www.comunicatur.info\/wp-content\/uploads\/2018\/01\/camiStIgnasi-768x432.jpg 768w, https:\/\/www.comunicatur.info\/wp-content\/uploads\/2018\/01\/camiStIgnasi-600x337.jpg 600w, https:\/\/www.comunicatur.info\/wp-content\/uploads\/2018\/01\/camiStIgnasi.jpg 781w\" sizes=\"(max-width: 300px) 100vw, 300px\" \/><a href=\"https:\/\/caminoignaciano.org\/\" target=\"_blank\" rel=\"noopener noreferrer\">La ruta del caballero Ignacio de Loyola<\/a> -fundador de la Compa\u00f1\u00eda de Jes\u00fas y tambi\u00e9n conocidos como jesuitas- divide en 20 etapas el recorrido entre su localidad natal, Azpeitia (Guip\u00fazcoa), y la \u00abCueva de San Ignacio\u00bb, en Manresa. Se ha trazado a partir de las anotaciones personales del santo.<\/p>\n<p>El primer paso de esta coordinaci\u00f3n es la creaci\u00f3n de una Mesa de Direcci\u00f3n formada por las cinco direcciones generales de turismo. Euskadi la presidir\u00e1 en el primer a\u00f1o.<\/p>\n","protected":false},"excerpt":{"rendered":"<p>Los territorios por donde pasa el Camino Ignaciano han acordado trabajar de forma conjunta para promocionar esta ruta tur\u00edstica y religiosa que recrea el itinerario que el caballero Ignacio de Loyola recorri\u00f3 en 1522 desde el Santuario de Loyola en Azpeitia, en el Pa\u00eds Vasco, hasta la ciudad catalana de Manresa. Los gobiernos auton\u00f3micos de &hellip;<\/p>\n","protected":false},"author":408,"featured_media":0,"comment_status":"closed","ping_status":"open","sticky":false,"template":"","format":"standard","meta":[],"categories":[62],"tags":[],"_links":{"self":[{"href":"https:\/\/www.comunicatur.info\/es\/wp-json\/wp\/v2\/posts\/16033"}],"collection":[{"href":"https:\/\/www.comunicatur.info\/es\/wp-json\/wp\/v2\/posts"}],"about":[{"href":"https:\/\/www.comunicatur.info\/es\/wp-json\/wp\/v2\/types\/post"}],"author":[{"embeddable":true,"href":"https:\/\/www.comunicatur.info\/es\/wp-json\/wp\/v2\/users\/408"}],"replies":[{"embeddable":true,"href":"https:\/\/www.comunicatur.info\/es\/wp-json\/wp\/v2\/comments?post=16033"}],"version-history":[{"count":1,"href":"https:\/\/www.comunicatur.info\/es\/wp-json\/wp\/v2\/posts\/16033\/revisions"}],"predecessor-version":[{"id":16034,"href":"https:\/\/www.comunicatur.info\/es\/wp-json\/wp\/v2\/posts\/16033\/revisions\/16034"}],"wp:attachment":[{"href":"https:\/\/www.comunicatur.info\/es\/wp-json\/wp\/v2\/media?parent=16033"}],"wp:term":[{"taxonomy":"category","embeddable":true,"href":"https:\/\/www.comunicatur.info\/es\/wp-json\/wp\/v2\/categories?post=16033"},{"taxonomy":"post_tag","embeddable":true,"href":"https:\/\/www.comunicatur.info\/es\/wp-json\/wp\/v2\/tags?post=16033"}],"curies":[{"name":"wp","href":"https:\/\/api.w.org\/{rel}","templated":true}]}}