{"id":16012,"date":"2020-11-30T09:07:27","date_gmt":"2020-11-30T07:07:27","guid":{"rendered":"https:\/\/comunicatur.info\/?p=16012"},"modified":"2020-11-30T09:07:27","modified_gmt":"2020-11-30T07:07:27","slug":"los-campings-de-girona-siguen-acaparando-reconocimientos-europeos","status":"publish","type":"post","link":"https:\/\/www.comunicatur.info\/es\/los-campings-de-girona-siguen-acaparando-reconocimientos-europeos\/","title":{"rendered":"Los campings de Girona siguen acaparando reconocimientos europeos"},"content":{"rendered":"<p>Los campings gerundenses se posicionan entre los mejores de Europa por sus servicios e instalaciones ejemplares seg\u00fan la Federaci\u00f3n Alemana de Fabricantes de Caravanas y Autocaravanas editora de la revista Caravaning.<!--more--><\/p>\n<p><img class=\"alignright size-medium wp-image-16010\" src=\"https:\/\/www.comunicatur.info\/wp-content\/uploads\/2020\/11\/c\u00e0mping-l\u00c0mfora-300x250.jpg\" alt=\"\" width=\"300\" height=\"250\" srcset=\"https:\/\/www.comunicatur.info\/wp-content\/uploads\/2020\/11\/c\u00e0mping-l\u00c0mfora-300x250.jpg 300w, https:\/\/www.comunicatur.info\/wp-content\/uploads\/2020\/11\/c\u00e0mping-l\u00c0mfora-768x639.jpg 768w, https:\/\/www.comunicatur.info\/wp-content\/uploads\/2020\/11\/c\u00e0mping-l\u00c0mfora-1024x853.jpg 1024w, https:\/\/www.comunicatur.info\/wp-content\/uploads\/2020\/11\/c\u00e0mping-l\u00c0mfora-600x500.jpg 600w\" sizes=\"(max-width: 300px) 100vw, 300px\" \/>Seg\u00fan ha destacado la Asociaci\u00f3n de Campings de Girona refiri\u00e9ndose a esta publicaci\u00f3n \u201cLa mitad de los 10 campings de Espa\u00f1a por los que apuesta la revista alemana Caravaning son de la provincia de Girona y cuatro campings gerundenses ocupan los primeros puestos del ranking\u201d.<\/p>\n<p>Los cinco campings gerundenses reconocidos por su oferta en la lista de los 10 m\u00e1s destacados de Espa\u00f1a son: Aquarius, de Sant Pere Pescador (que ocupa la primera posici\u00f3n); Les Medes, de Torroella de Montgr\u00ed (en el segundo lugar); el \u00c0mfora, de Sant Pere Pescador, (situado en el tercer lugar del ranking); La Ballena Alegre, tambi\u00e9n de Sant Pere Pescador (en la cuarta posici\u00f3n); y Las Dunas, de Sant Pere Pescador (situado en octava posici\u00f3n).<\/p>\n<p><img class=\"alignright size-medium wp-image-16009\" src=\"https:\/\/www.comunicatur.info\/wp-content\/uploads\/2020\/11\/c\u00e0mping-Les-Medes-300x201.jpg\" alt=\"\" width=\"300\" height=\"201\" srcset=\"https:\/\/www.comunicatur.info\/wp-content\/uploads\/2020\/11\/c\u00e0mping-Les-Medes-300x201.jpg 300w, https:\/\/www.comunicatur.info\/wp-content\/uploads\/2020\/11\/c\u00e0mping-Les-Medes-768x514.jpg 768w, https:\/\/www.comunicatur.info\/wp-content\/uploads\/2020\/11\/c\u00e0mping-Les-Medes-1024x685.jpg 1024w, https:\/\/www.comunicatur.info\/wp-content\/uploads\/2020\/11\/c\u00e0mping-Les-Medes-600x401.jpg 600w, https:\/\/www.comunicatur.info\/wp-content\/uploads\/2020\/11\/c\u00e0mping-Les-Medes.jpg 1260w\" sizes=\"(max-width: 300px) 100vw, 300px\" \/>La Asociaci\u00f3n tambi\u00e9n ha querido recordar que los campings gerundenses han invertido esta temporada 1,6 M de euros \u201cen medidas de prevenci\u00f3n anti-Covid, formaci\u00f3n, concienciaci\u00f3n y en la certificaci\u00f3n de los planes de contingencia y protocolos de seguridad de los establecimientos\u201d. En este sentido, la Asociaci\u00f3n (<a href=\"http:\/\/www.campingsingirona.com\" target=\"_blank\" rel=\"noopener\">www.campingsingirona.com<\/a>) ha impulsado la campa\u00f1a <em>Wecare<\/em> para implementar las medidas sanitarias necesarias en sus establecimientos y la formaci\u00f3n del personal.<\/p>\n","protected":false},"excerpt":{"rendered":"<p>Los campings gerundenses se posicionan entre los mejores de Europa por sus servicios e instalaciones ejemplares seg\u00fan la Federaci\u00f3n Alemana de Fabricantes de Caravanas y Autocaravanas editora de la revista Caravaning. Seg\u00fan ha destacado la Asociaci\u00f3n de Campings de Girona refiri\u00e9ndose a esta publicaci\u00f3n \u201cLa mitad de los 10 campings de Espa\u00f1a por los que &hellip;<\/p>\n","protected":false},"author":408,"featured_media":0,"comment_status":"closed","ping_status":"open","sticky":false,"template":"","format":"standard","meta":[],"categories":[59],"tags":[],"_links":{"self":[{"href":"https:\/\/www.comunicatur.info\/es\/wp-json\/wp\/v2\/posts\/16012"}],"collection":[{"href":"https:\/\/www.comunicatur.info\/es\/wp-json\/wp\/v2\/posts"}],"about":[{"href":"https:\/\/www.comunicatur.info\/es\/wp-json\/wp\/v2\/types\/post"}],"author":[{"embeddable":true,"href":"https:\/\/www.comunicatur.info\/es\/wp-json\/wp\/v2\/users\/408"}],"replies":[{"embeddable":true,"href":"https:\/\/www.comunicatur.info\/es\/wp-json\/wp\/v2\/comments?post=16012"}],"version-history":[{"count":1,"href":"https:\/\/www.comunicatur.info\/es\/wp-json\/wp\/v2\/posts\/16012\/revisions"}],"predecessor-version":[{"id":16013,"href":"https:\/\/www.comunicatur.info\/es\/wp-json\/wp\/v2\/posts\/16012\/revisions\/16013"}],"wp:attachment":[{"href":"https:\/\/www.comunicatur.info\/es\/wp-json\/wp\/v2\/media?parent=16012"}],"wp:term":[{"taxonomy":"category","embeddable":true,"href":"https:\/\/www.comunicatur.info\/es\/wp-json\/wp\/v2\/categories?post=16012"},{"taxonomy":"post_tag","embeddable":true,"href":"https:\/\/www.comunicatur.info\/es\/wp-json\/wp\/v2\/tags?post=16012"}],"curies":[{"name":"wp","href":"https:\/\/api.w.org\/{rel}","templated":true}]}}