{"id":16,"date":"2008-01-26T11:54:06","date_gmt":"2008-01-26T11:54:06","guid":{"rendered":"https:\/\/comunicatur.info\/ejemplo-paso-urgent-1-2\/"},"modified":"2008-01-26T11:54:06","modified_gmt":"2008-01-26T11:54:06","slug":"ejemplo-paso-urgent-1-2","status":"publish","type":"post","link":"https:\/\/www.comunicatur.info\/es\/ejemplo-paso-urgent-1-2\/","title":{"rendered":"Clos:\u00bbLa renta disponible en el mundo y el turismo crecer\u00e1n\u00bb"},"content":{"rendered":"<p>El ministro de Industria, Comercio y Turismo, Joan Clos, ha manifestado que est\u00e1 creciendo el mercado y los destinos tur\u00edsticos, principalmente en pa\u00edses emergentes, lo que conlleva un incremento de la competencia. <br \/>El ministro cree que el sector del turismo debe apostar por la calidad para hacer frente a los destinos emergentes situados en pa\u00edses en v\u00edas de desarrollo. Para Clos la diversificaci\u00f3n es positiva y la excesiva especializaci\u00f3n va en contra de la propia motivaci\u00f3n del turista que no quiere destinos exclusivos para turistas. El turismo mundial aumentar\u00e1 porque la renta disponible est\u00e1 creciendo, asegura Clos, que adem\u00e1s aboga por ser cuidadosos con nuestro entorno evitando algunos excesos del pasado.<\/p>\n","protected":false},"excerpt":{"rendered":"<p>El ministro de Industria, Comercio y Turismo, Joan Clos, ha manifestado que est\u00e1 creciendo el mercado y los destinos tur\u00edsticos, principalmente en pa\u00edses emergentes, lo que conlleva un incremento de la competencia. <\/p>\n","protected":false},"author":1,"featured_media":0,"comment_status":"close","ping_status":"open","sticky":false,"template":"","format":"standard","meta":[],"categories":[18],"tags":[],"_links":{"self":[{"href":"https:\/\/www.comunicatur.info\/es\/wp-json\/wp\/v2\/posts\/16"}],"collection":[{"href":"https:\/\/www.comunicatur.info\/es\/wp-json\/wp\/v2\/posts"}],"about":[{"href":"https:\/\/www.comunicatur.info\/es\/wp-json\/wp\/v2\/types\/post"}],"author":[{"embeddable":true,"href":"https:\/\/www.comunicatur.info\/es\/wp-json\/wp\/v2\/users\/1"}],"replies":[{"embeddable":true,"href":"https:\/\/www.comunicatur.info\/es\/wp-json\/wp\/v2\/comments?post=16"}],"version-history":[{"count":0,"href":"https:\/\/www.comunicatur.info\/es\/wp-json\/wp\/v2\/posts\/16\/revisions"}],"wp:attachment":[{"href":"https:\/\/www.comunicatur.info\/es\/wp-json\/wp\/v2\/media?parent=16"}],"wp:term":[{"taxonomy":"category","embeddable":true,"href":"https:\/\/www.comunicatur.info\/es\/wp-json\/wp\/v2\/categories?post=16"},{"taxonomy":"post_tag","embeddable":true,"href":"https:\/\/www.comunicatur.info\/es\/wp-json\/wp\/v2\/tags?post=16"}],"curies":[{"name":"wp","href":"https:\/\/api.w.org\/{rel}","templated":true}]}}