{"id":15951,"date":"2020-11-18T00:00:44","date_gmt":"2020-11-17T22:00:44","guid":{"rendered":"https:\/\/comunicatur.info\/?p=15951"},"modified":"2020-11-17T22:13:33","modified_gmt":"2020-11-17T20:13:33","slug":"intentan-detener-la-iniciativa-de-vueling-de-cobrar-por-subir-el-equipaje-de-mano-en-la-cabina","status":"publish","type":"post","link":"https:\/\/www.comunicatur.info\/es\/intentan-detener-la-iniciativa-de-vueling-de-cobrar-por-subir-el-equipaje-de-mano-en-la-cabina\/","title":{"rendered":"Intentan detener la iniciativa de Vueling de cobrar por subir el equipaje de mano en la cabina"},"content":{"rendered":"<p>FACUA, la asociaci\u00f3n de consumidores y usuarios, ha denunciado ante la Agencia Estatal de Seguridad A\u00e9rea (AESA) y la administraci\u00f3n de Consumo la decisi\u00f3n de la aerol\u00ednea Vueling de cobrar para subir equipaje de mano en la cabina del avi\u00f3n.<!--more--><\/p>\n<p><img class=\"alignright size-medium wp-image-12882\" src=\"https:\/\/www.comunicatur.info\/wp-content\/uploads\/2018\/11\/equipaje-de-mano-300x176.jpg\" alt=\"\" width=\"300\" height=\"176\" srcset=\"https:\/\/www.comunicatur.info\/wp-content\/uploads\/2018\/11\/equipaje-de-mano-300x176.jpg 300w, https:\/\/www.comunicatur.info\/wp-content\/uploads\/2018\/11\/equipaje-de-mano-600x351.jpg 600w, https:\/\/www.comunicatur.info\/wp-content\/uploads\/2018\/11\/equipaje-de-mano.jpg 700w\" sizes=\"(max-width: 300px) 100vw, 300px\" \/>Dice que la ley de Navegaci\u00f3n A\u00e9rea estipula que \u00abel transportista estar\u00e1 obligado a transportar de forma gratuita en cabina, como equipaje de mano, los objetos y paquetes que el viajero lleve consigo\u00bb. Esta obligaci\u00f3n s\u00f3lo se puede excepcionar por cuesti\u00f3n de \u00abseguridad vinculadas a el peso o tama\u00f1o\u00bb, advierte FACUA<\/p>\n<p>Hasta ahora las compa\u00f1\u00edas ofrecen este servicio de forma gratuita y cuando otras compa\u00f1\u00edas han implantado esta medida, como Ryanair y Wizzair, FACUA tambi\u00e9n ha interpuesto denuncia al considerarlo un abuso.<\/p>\n<p><img class=\"alignright size-full wp-image-7320\" src=\"https:\/\/www.comunicatur.info\/wp-content\/uploads\/2014\/01\/maletaiata3.jpg\" alt=\"\" width=\"279\" height=\"187\" \/>Desde el \u00e1mbito de consumo quieren conseguir que no se considere un coste extra sobre el precio subir el equipaje de mano en la cabina. En el caso de Vueling, el coste por maleta de mano es de entre 8 y 12 euros para la tarifa B\u00e1sica. La compa\u00f1\u00eda se defiende con los argumentos de la propia AESA que recomienda minimizar este tipo de equipaje para tener unos embarques y desembarques ordenados. Adem\u00e1s, dice que la medida va en l\u00ednea con las acciones que se est\u00e1n tomando para tener una operativa de seguridad sanitaria para hacer frente al Covid-19 que evite el contacto entre pasajeros. FACUA considera que el contacto entre los pasajeros se puede garantizar lleven o no equipaje de mano.<\/p>\n","protected":false},"excerpt":{"rendered":"<p>FACUA, la asociaci\u00f3n de consumidores y usuarios, ha denunciado ante la Agencia Estatal de Seguridad A\u00e9rea (AESA) y la administraci\u00f3n de Consumo la decisi\u00f3n de la aerol\u00ednea Vueling de cobrar para subir equipaje de mano en la cabina del avi\u00f3n. Dice que la ley de Navegaci\u00f3n A\u00e9rea estipula que \u00abel transportista estar\u00e1 obligado a transportar &hellip;<\/p>\n","protected":false},"author":408,"featured_media":0,"comment_status":"closed","ping_status":"open","sticky":false,"template":"","format":"standard","meta":[],"categories":[65],"tags":[],"_links":{"self":[{"href":"https:\/\/www.comunicatur.info\/es\/wp-json\/wp\/v2\/posts\/15951"}],"collection":[{"href":"https:\/\/www.comunicatur.info\/es\/wp-json\/wp\/v2\/posts"}],"about":[{"href":"https:\/\/www.comunicatur.info\/es\/wp-json\/wp\/v2\/types\/post"}],"author":[{"embeddable":true,"href":"https:\/\/www.comunicatur.info\/es\/wp-json\/wp\/v2\/users\/408"}],"replies":[{"embeddable":true,"href":"https:\/\/www.comunicatur.info\/es\/wp-json\/wp\/v2\/comments?post=15951"}],"version-history":[{"count":1,"href":"https:\/\/www.comunicatur.info\/es\/wp-json\/wp\/v2\/posts\/15951\/revisions"}],"predecessor-version":[{"id":15952,"href":"https:\/\/www.comunicatur.info\/es\/wp-json\/wp\/v2\/posts\/15951\/revisions\/15952"}],"wp:attachment":[{"href":"https:\/\/www.comunicatur.info\/es\/wp-json\/wp\/v2\/media?parent=15951"}],"wp:term":[{"taxonomy":"category","embeddable":true,"href":"https:\/\/www.comunicatur.info\/es\/wp-json\/wp\/v2\/categories?post=15951"},{"taxonomy":"post_tag","embeddable":true,"href":"https:\/\/www.comunicatur.info\/es\/wp-json\/wp\/v2\/tags?post=15951"}],"curies":[{"name":"wp","href":"https:\/\/api.w.org\/{rel}","templated":true}]}}