{"id":15947,"date":"2020-11-17T00:00:06","date_gmt":"2020-11-16T22:00:06","guid":{"rendered":"https:\/\/comunicatur.info\/?p=15947"},"modified":"2020-11-16T15:24:28","modified_gmt":"2020-11-16T13:24:28","slug":"lloret-de-mar-preve-un-horizonte-de-incertidumbre-para-la-proxima-temporada","status":"publish","type":"post","link":"https:\/\/www.comunicatur.info\/es\/lloret-de-mar-preve-un-horizonte-de-incertidumbre-para-la-proxima-temporada\/","title":{"rendered":"Lloret de Mar prev\u00e9 un horizonte de incertidumbre para la pr\u00f3xima temporada"},"content":{"rendered":"<p><img class=\"alignright size-medium wp-image-10561\" src=\"https:\/\/www.comunicatur.info\/wp-content\/uploads\/2017\/06\/LloretdeMar_passeig-300x199.jpg\" alt=\"\" width=\"300\" height=\"199\" srcset=\"https:\/\/www.comunicatur.info\/wp-content\/uploads\/2017\/06\/LloretdeMar_passeig-300x199.jpg 300w, https:\/\/www.comunicatur.info\/wp-content\/uploads\/2017\/06\/LloretdeMar_passeig-600x398.jpg 600w, https:\/\/www.comunicatur.info\/wp-content\/uploads\/2017\/06\/LloretdeMar_passeig.jpg 760w\" sizes=\"(max-width: 300px) 100vw, 300px\" \/>El sector p\u00fablico y privado de Lloret de Mar han definido la nueva estrategia del destino tur\u00edstico para afrontar la temporada tur\u00edstica 2021. Han situado la transformaci\u00f3n digital del destino como el eje principal de esta estrategia.<!--more--><\/p>\n<p>Han definido dos objetivos en su plan 2021:<\/p>\n<p><strong>Objetivo 1:<\/strong> Asegurar que tanto agencias de viajes como alojamientos tur\u00edsticos garanticen un flujo de visitantes constante y conozcan todas las herramientas disponibles para ello, incluso si se producen cambios de escenario inesperados. \u201cEn este sentido -comenta el alcalde de Lloret de Mar\u2013 el objetivo que nos hemos fijado para la pr\u00f3xima temporada es alcanzar entre un 70 y un 85% de ocupaci\u00f3n para la temporada de verano 2021\u2033. En estos momentos se trabaja con el escenario que la actividad tur\u00edstica arranque en Semana Santa y que, a partir de ese momento se produce una apertura progresiva de establecimientos hasta llegar a la temporada de verano con una operativa cercana a la normalidad.<\/p>\n<p><strong>Objetivo 2:<\/strong> Crear nuevamente un destino plenamente adaptado en t\u00e9rminos de seguridad para el visitante tur\u00edstico. Por ello, a partir de enero reeditar\u00e1n el plan de trabajo iniciado en marzo de 2020 para adaptar el destino a las necesidades que plantee la evoluci\u00f3n de la pandemia.<\/p>\n<p>Tambi\u00e9n han definido dos etapas en el plan que se sintetizan:<\/p>\n<p>En la primera, dotar a los alojamientos y agencias de viajes de conocimiento y asesoramiento para la mejora y puesta en marcha de nuevos proyectos digitales.<\/p>\n<p>La segunda etapa del plan para desarrollar\u00e1 las medidas necesarias para adaptar el destino a los retos de la temporada: medidas de seguridad y sanidad, uso del espacio p\u00fablico y playas, uso de la v\u00eda p\u00fablica o eventos seguros entre otros.<\/p>\n","protected":false},"excerpt":{"rendered":"<p>El sector p\u00fablico y privado de Lloret de Mar han definido la nueva estrategia del destino tur\u00edstico para afrontar la temporada tur\u00edstica 2021. Han situado la transformaci\u00f3n digital del destino como el eje principal de esta estrategia. Han definido dos objetivos en su plan 2021: Objetivo 1: Asegurar que tanto agencias de viajes como alojamientos &hellip;<\/p>\n","protected":false},"author":408,"featured_media":0,"comment_status":"closed","ping_status":"open","sticky":false,"template":"","format":"standard","meta":[],"categories":[62],"tags":[],"_links":{"self":[{"href":"https:\/\/www.comunicatur.info\/es\/wp-json\/wp\/v2\/posts\/15947"}],"collection":[{"href":"https:\/\/www.comunicatur.info\/es\/wp-json\/wp\/v2\/posts"}],"about":[{"href":"https:\/\/www.comunicatur.info\/es\/wp-json\/wp\/v2\/types\/post"}],"author":[{"embeddable":true,"href":"https:\/\/www.comunicatur.info\/es\/wp-json\/wp\/v2\/users\/408"}],"replies":[{"embeddable":true,"href":"https:\/\/www.comunicatur.info\/es\/wp-json\/wp\/v2\/comments?post=15947"}],"version-history":[{"count":1,"href":"https:\/\/www.comunicatur.info\/es\/wp-json\/wp\/v2\/posts\/15947\/revisions"}],"predecessor-version":[{"id":15948,"href":"https:\/\/www.comunicatur.info\/es\/wp-json\/wp\/v2\/posts\/15947\/revisions\/15948"}],"wp:attachment":[{"href":"https:\/\/www.comunicatur.info\/es\/wp-json\/wp\/v2\/media?parent=15947"}],"wp:term":[{"taxonomy":"category","embeddable":true,"href":"https:\/\/www.comunicatur.info\/es\/wp-json\/wp\/v2\/categories?post=15947"},{"taxonomy":"post_tag","embeddable":true,"href":"https:\/\/www.comunicatur.info\/es\/wp-json\/wp\/v2\/tags?post=15947"}],"curies":[{"name":"wp","href":"https:\/\/api.w.org\/{rel}","templated":true}]}}