{"id":15910,"date":"2020-11-06T00:00:05","date_gmt":"2020-11-05T22:00:05","guid":{"rendered":"https:\/\/comunicatur.info\/?p=15910"},"modified":"2020-11-05T20:42:26","modified_gmt":"2020-11-05T18:42:26","slug":"la-hosteleria-es-el-sector-mas-vulnerable-y-desatendido-en-la-pandemia","status":"publish","type":"post","link":"https:\/\/www.comunicatur.info\/es\/la-hosteleria-es-el-sector-mas-vulnerable-y-desatendido-en-la-pandemia\/","title":{"rendered":"La hosteler\u00eda es el sector m\u00e1s vulnerable y desatendido en la pandemia"},"content":{"rendered":"<p><img class=\"alignright size-medium wp-image-15305\" src=\"https:\/\/www.comunicatur.info\/wp-content\/uploads\/2020\/06\/cierre_hostaleria-300x225.jpg\" alt=\"\" width=\"300\" height=\"225\" srcset=\"https:\/\/www.comunicatur.info\/wp-content\/uploads\/2020\/06\/cierre_hostaleria-300x225.jpg 300w, https:\/\/www.comunicatur.info\/wp-content\/uploads\/2020\/06\/cierre_hostaleria-768x576.jpg 768w, https:\/\/www.comunicatur.info\/wp-content\/uploads\/2020\/06\/cierre_hostaleria-1024x768.jpg 1024w, https:\/\/www.comunicatur.info\/wp-content\/uploads\/2020\/06\/cierre_hostaleria-600x450.jpg 600w, https:\/\/www.comunicatur.info\/wp-content\/uploads\/2020\/06\/cierre_hostaleria.jpg 2016w\" sizes=\"(max-width: 300px) 100vw, 300px\" \/>La restauraci\u00f3n ha terminado pagando el precio m\u00e1s alto en esta segunda oleada de Covid-19. Aunque los contagios se est\u00e1n produciendo en las reuniones familiares y en los domicilios particulares, ante la incapacidad de la administraci\u00f3n para controlar c\u00f3mo act\u00faa la gente en su \u00e1mbito privado le ha sido m\u00e1s f\u00e1cil cerrar bares y restaurantes.<!--more--><\/p>\n<p>Las Federaciones de Hosteler\u00eda catalanas est\u00e1n desesperadas por la falta de coherencia y ayudas que reciben por parte de la administraci\u00f3n. No hay que olvidar que la mayor\u00eda de propietarios de estos negocios son aut\u00f3nomos o empresas familiares sometidos a una gran inestabilidad que no saben qu\u00e9 ingresos tendr\u00e1n las pr\u00f3ximas semanas y meses.<\/p>\n<p><img class=\"alignright size-full wp-image-15908\" src=\"https:\/\/www.comunicatur.info\/wp-content\/uploads\/2020\/11\/Federacions_Hostaleria.png\" alt=\"\" width=\"286\" height=\"153\" \/>El \u00faltimo cap\u00edtulo de la indignaci\u00f3n ha sido la cr\u00edtica que hacen las asociaciones hosteleras por la ineficacia de las prestaciones del Estado por cese de actividad dirigidas a aut\u00f3nomos del sector de la restauraci\u00f3n. Los bares y restaurantes catalanes no pueden acogerse a esta prestaci\u00f3n porque como la Generalitat no decret\u00f3 el cierre total y daba la opci\u00f3n de ofrecer delivery no se les permite combinar el servicio a domicilio -que no les compensa econ\u00f3micamente- con el cobro de la prestaci\u00f3n.<\/p>\n<p>Lejos queda el modelo franc\u00e9s de apoyo al sector de la hosteler\u00eda con ayudas directas a los negocios en funci\u00f3n de los empleados de cada establecimiento. Cuando se decret\u00f3 el confinamiento en Francia anunciaron un fondo de 10.000 millones para soportar el impacto de los cierres de la restauraci\u00f3n.<\/p>\n","protected":false},"excerpt":{"rendered":"<p>La restauraci\u00f3n ha terminado pagando el precio m\u00e1s alto en esta segunda oleada de Covid-19. Aunque los contagios se est\u00e1n produciendo en las reuniones familiares y en los domicilios particulares, ante la incapacidad de la administraci\u00f3n para controlar c\u00f3mo act\u00faa la gente en su \u00e1mbito privado le ha sido m\u00e1s f\u00e1cil cerrar bares y restaurantes. &hellip;<\/p>\n","protected":false},"author":408,"featured_media":0,"comment_status":"closed","ping_status":"open","sticky":false,"template":"","format":"standard","meta":[],"categories":[72],"tags":[],"_links":{"self":[{"href":"https:\/\/www.comunicatur.info\/es\/wp-json\/wp\/v2\/posts\/15910"}],"collection":[{"href":"https:\/\/www.comunicatur.info\/es\/wp-json\/wp\/v2\/posts"}],"about":[{"href":"https:\/\/www.comunicatur.info\/es\/wp-json\/wp\/v2\/types\/post"}],"author":[{"embeddable":true,"href":"https:\/\/www.comunicatur.info\/es\/wp-json\/wp\/v2\/users\/408"}],"replies":[{"embeddable":true,"href":"https:\/\/www.comunicatur.info\/es\/wp-json\/wp\/v2\/comments?post=15910"}],"version-history":[{"count":1,"href":"https:\/\/www.comunicatur.info\/es\/wp-json\/wp\/v2\/posts\/15910\/revisions"}],"predecessor-version":[{"id":15911,"href":"https:\/\/www.comunicatur.info\/es\/wp-json\/wp\/v2\/posts\/15910\/revisions\/15911"}],"wp:attachment":[{"href":"https:\/\/www.comunicatur.info\/es\/wp-json\/wp\/v2\/media?parent=15910"}],"wp:term":[{"taxonomy":"category","embeddable":true,"href":"https:\/\/www.comunicatur.info\/es\/wp-json\/wp\/v2\/categories?post=15910"},{"taxonomy":"post_tag","embeddable":true,"href":"https:\/\/www.comunicatur.info\/es\/wp-json\/wp\/v2\/tags?post=15910"}],"curies":[{"name":"wp","href":"https:\/\/api.w.org\/{rel}","templated":true}]}}