{"id":15894,"date":"2020-11-02T00:00:47","date_gmt":"2020-11-01T22:00:47","guid":{"rendered":"https:\/\/comunicatur.info\/?p=15894"},"modified":"2020-11-01T20:21:44","modified_gmt":"2020-11-01T18:21:44","slug":"ii-jornada-de-innovacion-turistica-y-cultural-organizada-por-el-patronato-de-turismo-de-la-diputacion-de-tarragona","status":"publish","type":"post","link":"https:\/\/www.comunicatur.info\/es\/ii-jornada-de-innovacion-turistica-y-cultural-organizada-por-el-patronato-de-turismo-de-la-diputacion-de-tarragona\/","title":{"rendered":"II Jornada de Innovaci\u00f3n Tur\u00edstica y Cultural organizada por el Patronato de Turismo de la Diputaci\u00f3n de Tarragona"},"content":{"rendered":"<p><img class=\"alignleft wp-image-15890\" src=\"https:\/\/www.comunicatur.info\/wp-content\/uploads\/2020\/11\/Cartell_JornadaPatrimoniCulturalPECT-300x169.jpg\" alt=\"\" width=\"250\" height=\"141\" srcset=\"https:\/\/www.comunicatur.info\/wp-content\/uploads\/2020\/11\/Cartell_JornadaPatrimoniCulturalPECT-300x169.jpg 300w, https:\/\/www.comunicatur.info\/wp-content\/uploads\/2020\/11\/Cartell_JornadaPatrimoniCulturalPECT-768x432.jpg 768w, https:\/\/www.comunicatur.info\/wp-content\/uploads\/2020\/11\/Cartell_JornadaPatrimoniCulturalPECT-1024x576.jpg 1024w, https:\/\/www.comunicatur.info\/wp-content\/uploads\/2020\/11\/Cartell_JornadaPatrimoniCulturalPECT-600x338.jpg 600w, https:\/\/www.comunicatur.info\/wp-content\/uploads\/2020\/11\/Cartell_JornadaPatrimoniCulturalPECT.jpg 1200w\" sizes=\"(max-width: 250px) 100vw, 250px\" \/>Las experiencias inmersivas y la innovaci\u00f3n en el \u00e1mbito cultural capitalizaron una jornada donde <strong>los expertos debatieron sobre las nuevas formas de relaci\u00f3n entre los recursos culturales y el turismo familiar.<\/strong><!--more--><\/p>\n<p><img class=\"alignright wp-image-15886\" src=\"https:\/\/www.comunicatur.info\/wp-content\/uploads\/2020\/11\/JornadaPatrimoniCulturalPECT-300x200.jpg\" alt=\"\" width=\"250\" height=\"167\" srcset=\"https:\/\/www.comunicatur.info\/wp-content\/uploads\/2020\/11\/JornadaPatrimoniCulturalPECT-300x200.jpg 300w, https:\/\/www.comunicatur.info\/wp-content\/uploads\/2020\/11\/JornadaPatrimoniCulturalPECT-768x512.jpg 768w, https:\/\/www.comunicatur.info\/wp-content\/uploads\/2020\/11\/JornadaPatrimoniCulturalPECT-1024x683.jpg 1024w, https:\/\/www.comunicatur.info\/wp-content\/uploads\/2020\/11\/JornadaPatrimoniCulturalPECT-600x400.jpg 600w\" sizes=\"(max-width: 250px) 100vw, 250px\" \/>La segunda Jornada de Innovaci\u00f3n Tur\u00edstica y Cultural ha sido organizada por el Patronato de Turismo de la Diputaci\u00f3n de Tarragona. Se enmarca en la <strong>operaci\u00f3n Patrimonio Cultural del PECT Tur\u00edsTIC en familia<\/strong> que lidera el Patronato y que tiene como finalidad generar competitividad y crecimiento en <strong>los destinos de la Costa Daurada y las Terres de l\u2019Ebre<\/strong> para que sean referentes innovadores en el campo del turismo familiar. Pod\u00e9is ver la noticia del PECT TurisTIC en familia en <a href=\"https:\/\/www.comunicatur.info\/es\/avanza-el-proyecto-pect-turistic-en-familia-de-la-costa-daurada-y-las-terres-de-lebre\/\"><strong>Comunicatur.info<\/strong><\/a><\/p>\n<p><strong><img class=\"alignleft wp-image-15889\" src=\"https:\/\/www.comunicatur.info\/wp-content\/uploads\/2020\/11\/MeritxellRoige_TarragonaCDaurada-300x200.jpg\" alt=\"\" width=\"250\" height=\"167\" srcset=\"https:\/\/www.comunicatur.info\/wp-content\/uploads\/2020\/11\/MeritxellRoige_TarragonaCDaurada-300x200.jpg 300w, https:\/\/www.comunicatur.info\/wp-content\/uploads\/2020\/11\/MeritxellRoige_TarragonaCDaurada-768x512.jpg 768w, https:\/\/www.comunicatur.info\/wp-content\/uploads\/2020\/11\/MeritxellRoige_TarragonaCDaurada-1024x683.jpg 1024w, https:\/\/www.comunicatur.info\/wp-content\/uploads\/2020\/11\/MeritxellRoige_TarragonaCDaurada-600x400.jpg 600w\" sizes=\"(max-width: 250px) 100vw, 250px\" \/>La presidenta del Patronato de Turismo de la Diputaci\u00f3n de Tarragona,<\/strong> <strong>Meritxell Roig\u00e9<\/strong> abri\u00f3 la jornada remarcando \u201cla necesidad de repensar el turismo teniendo en cuenta nuevas maneras de relaci\u00f3n entre las familias y los equipamientos y recursos culturales, donde las experiencias inmersivas y la innovaci\u00f3n tecnol\u00f3gica tengan un papel destacado\u201d.<\/p>\n<h4>\u201cEl futuro del turismo cultural ser\u00e1 sentarse en el sill\u00f3n y ver pasar el mundo\u201d<\/h4>\n<p>Los principales contenidos de la jornada se centraron en tres momentos; una ponencia, un debate y un taller.<\/p>\n<ul>\n<li><strong> \u201cNuevas narrativas\u201d.<\/strong> Ponencia a cargo <strong>de Jordi Sellas<\/strong>, gestor de empresas culturales y director del <a href=\"https:\/\/idealbarcelona.com\/es\/\" target=\"_blank\" rel=\"noopener\"><strong>Museo IDEAL<\/strong><\/a>, centro de cultura digital.<br \/>\nSellas ofreci\u00f3 una aproximaci\u00f3n nueva a la relaci\u00f3n entre espacios muse\u00edsticos y visitantes gracias a las nuevas narrativas y tecnolog\u00edas. Y lo hizo explicando que <strong>\u201ces necesario romper la din\u00e1mica del rect\u00e1ngulo\u201d<\/strong>, ya que desde hace siglos ha sido el continente de informaci\u00f3n cultural, como en las pinturas de los museos o en el \u00e1mbito audiovisual, las pantallas de televisi\u00f3n e incluso las del m\u00f3vil, que al fin i al cabo son rect\u00e1ngulos, pero en vertical.<\/li>\n<\/ul>\n<p>Para romper el rect\u00e1ngulo hay tres tecnolog\u00edas, que son:<br \/>\n&#8211; <strong>Realidad virtual<\/strong>, porque \u201cnos coloca en un espacio que no existe y nos crea una capa opaca de realidad. Con ella desaparece la barrera del espacio y el tiempo\u201d.<br \/>\nLa <strong>realidad aumentada<\/strong>, que \u201cnos crea una capa de realidad transparente que se a\u00f1ade a nuestra realidad presente\u201d.<\/p>\n<p>&#8211; <strong>Microsoft Hololens<\/strong>. Son gafas que combinan holograf\u00edas con proyecciones de im\u00e1genes sobre la realidad.<\/p>\n<p>&#8211; <strong>Asistentes virtuales<\/strong> \u201chablamos con aparatos, ya no es necesario ni apretar un bot\u00f3n en una pantalla\u201d e <strong>inteligencia artificial<\/strong>.<\/p>\n<ul>\n<li><strong>\u201cMuseos, familias y experiencias virtuales\u201d.<\/strong> Mesa redonda con <strong>Jos\u00e9 Antonio Donaire<\/strong>, profesor de la Facultad de Turismo de la Universidad de Girona;<strong> N\u00faria Canals,<\/strong> directora general de <a href=\"https:\/\/www.imageen.net\/web\/?www_locale=es\" target=\"_blank\" rel=\"noopener\"><strong>Imageen<\/strong><\/a><strong>,<\/strong> empresa dedicada a desarrollar experiencias virtuales sobre recreaciones hist\u00f3ricas y el mismo <strong>Jordi Sellas<\/strong>.<br \/>\nEntre los comentarios destacados, la visi\u00f3n de Jos\u00e9 Antonio Donaire: <strong><strong>\u201cel futuro del turismo cultural ser\u00e1 sentarse en el sill\u00f3n de casa y ver como el mundo pasa por delante de tu sal\u00f3n\u201d o \u201clos contenidos ser\u00e1n muy cros cultural. Las ideas, las culturas ya no estar\u00e1n fijadas en un territorio; ser\u00e1n m\u00f3viles, nubes que circular\u00e1n y nos har\u00e1n cuestionar qu\u00e9 significa gesti\u00f3n cultural\u201d.<\/strong><\/strong>&nbsp;<\/li>\n<li><strong>Taller de gamificaci\u00f3n de espacios<\/strong>. <strong>Oscar Garc\u00eda Pa\u00f1ella<\/strong>, consultor y socio de <a href=\"https:\/\/cookiebox.es\/\" target=\"_blank\" rel=\"noopener\"><strong>Cookie Box<\/strong><\/a>, una empresa de gamificaci\u00f3n. Condujo un taller participativo basado en las t\u00e9cnicas de la gamificaci\u00f3 de espacios culturales. En su recorrido, videojuegos, roomescapes o experiencias como las que ofrece el parque tem\u00e1tico <a href=\"http:\/\/www.horrorlandpark.com\/\" target=\"_blank\" rel=\"noopener\"><strong>Horrorland<\/strong><\/a> situado en Cercs (Bergued\u00e0).<\/li>\n<\/ul>\n<p><img class=\"alignleft wp-image-15888\" src=\"https:\/\/www.comunicatur.info\/wp-content\/uploads\/2020\/11\/JornadaPatrimoniCulturalPECT3-300x200.jpg\" alt=\"\" width=\"250\" height=\"167\" srcset=\"https:\/\/www.comunicatur.info\/wp-content\/uploads\/2020\/11\/JornadaPatrimoniCulturalPECT3-300x200.jpg 300w, https:\/\/www.comunicatur.info\/wp-content\/uploads\/2020\/11\/JornadaPatrimoniCulturalPECT3-768x512.jpg 768w, https:\/\/www.comunicatur.info\/wp-content\/uploads\/2020\/11\/JornadaPatrimoniCulturalPECT3-1024x683.jpg 1024w, https:\/\/www.comunicatur.info\/wp-content\/uploads\/2020\/11\/JornadaPatrimoniCulturalPECT3-600x400.jpg 600w, https:\/\/www.comunicatur.info\/wp-content\/uploads\/2020\/11\/JornadaPatrimoniCulturalPECT3.jpg 1872w\" sizes=\"(max-width: 250px) 100vw, 250px\" \/>La Jornada fue mixta, presencial y virtual. Se celebr\u00f3 presencialmente en <a href=\"https:\/\/www.masmiro.com\/es\" target=\"_blank\" rel=\"noopener\">el <strong>Mas Mir\u00f3 de Mont-roig del Camp<\/strong><\/a>, que pr\u00f3ximamente incorporar\u00e1 en sus visitas propuestas de gamificaci\u00f3n.<\/p>\n<p>La clausura fue a cargo de la directora del Patronato, <strong>Marta Farrero<\/strong>.<\/p>\n<p><a href=\"https:\/\/www.youtube.com\/playlist?list=PLdcB4HgRxe-ZbdaByQiGeWm6rlqi_c2cy\" target=\"_blank\" rel=\"noopener\"><strong><em>Quiero ver los v\u00eddeos de la Jornada<\/em><\/strong><\/a><\/p>\n","protected":false},"excerpt":{"rendered":"<p>Las experiencias inmersivas y la innovaci\u00f3n en el \u00e1mbito cultural capitalizaron una jornada donde los expertos debatieron sobre las nuevas formas de relaci\u00f3n entre los recursos culturales y el turismo familiar. La segunda Jornada de Innovaci\u00f3n Tur\u00edstica y Cultural ha sido organizada por el Patronato de Turismo de la Diputaci\u00f3n de Tarragona. Se enmarca en &hellip;<\/p>\n","protected":false},"author":408,"featured_media":0,"comment_status":"closed","ping_status":"open","sticky":false,"template":"","format":"standard","meta":[],"categories":[62,68,73],"tags":[],"_links":{"self":[{"href":"https:\/\/www.comunicatur.info\/es\/wp-json\/wp\/v2\/posts\/15894"}],"collection":[{"href":"https:\/\/www.comunicatur.info\/es\/wp-json\/wp\/v2\/posts"}],"about":[{"href":"https:\/\/www.comunicatur.info\/es\/wp-json\/wp\/v2\/types\/post"}],"author":[{"embeddable":true,"href":"https:\/\/www.comunicatur.info\/es\/wp-json\/wp\/v2\/users\/408"}],"replies":[{"embeddable":true,"href":"https:\/\/www.comunicatur.info\/es\/wp-json\/wp\/v2\/comments?post=15894"}],"version-history":[{"count":2,"href":"https:\/\/www.comunicatur.info\/es\/wp-json\/wp\/v2\/posts\/15894\/revisions"}],"predecessor-version":[{"id":15896,"href":"https:\/\/www.comunicatur.info\/es\/wp-json\/wp\/v2\/posts\/15894\/revisions\/15896"}],"wp:attachment":[{"href":"https:\/\/www.comunicatur.info\/es\/wp-json\/wp\/v2\/media?parent=15894"}],"wp:term":[{"taxonomy":"category","embeddable":true,"href":"https:\/\/www.comunicatur.info\/es\/wp-json\/wp\/v2\/categories?post=15894"},{"taxonomy":"post_tag","embeddable":true,"href":"https:\/\/www.comunicatur.info\/es\/wp-json\/wp\/v2\/tags?post=15894"}],"curies":[{"name":"wp","href":"https:\/\/api.w.org\/{rel}","templated":true}]}}