{"id":15883,"date":"2020-10-30T00:00:01","date_gmt":"2020-10-29T22:00:01","guid":{"rendered":"https:\/\/comunicatur.info\/?p=15883"},"modified":"2020-10-28T17:52:12","modified_gmt":"2020-10-28T15:52:12","slug":"en-15-anos-llegan-los-primeros-aviones-de-cero-emisiones","status":"publish","type":"post","link":"https:\/\/www.comunicatur.info\/es\/en-15-anos-llegan-los-primeros-aviones-de-cero-emisiones\/","title":{"rendered":"En 15 a\u00f1os llegan los primeros aviones de cero emisiones"},"content":{"rendered":"<p>Las aeronaves impulsadas con hidr\u00f3geno pueden ser una realidad en 2035. Airbus ha presentado sus primeros aviones de pasajeros de \u2018cero emisiones\u2019.<!--more--><\/p>\n<p><img class=\"alignright size-medium wp-image-15880\" src=\"https:\/\/www.comunicatur.info\/wp-content\/uploads\/2020\/10\/Airbus_avio_zero-300x185.jpg\" alt=\"\" width=\"300\" height=\"185\" srcset=\"https:\/\/www.comunicatur.info\/wp-content\/uploads\/2020\/10\/Airbus_avio_zero-300x185.jpg 300w, https:\/\/www.comunicatur.info\/wp-content\/uploads\/2020\/10\/Airbus_avio_zero-768x474.jpg 768w, https:\/\/www.comunicatur.info\/wp-content\/uploads\/2020\/10\/Airbus_avio_zero-1024x632.jpg 1024w, https:\/\/www.comunicatur.info\/wp-content\/uploads\/2020\/10\/Airbus_avio_zero-600x370.jpg 600w, https:\/\/www.comunicatur.info\/wp-content\/uploads\/2020\/10\/Airbus_avio_zero.jpg 1720w\" sizes=\"(max-width: 300px) 100vw, 300px\" \/>El fabricante europeo de aeronaves trabaja con tres prototipos que podr\u00edan echar el vuelo en 15 a\u00f1os. La alta contaminaci\u00f3n provocada por las aerol\u00edneas es el tal\u00f3n de Aquiles de la industria de la aviaci\u00f3n. Las compa\u00f1\u00edas a\u00e9reas est\u00e1n en el punto de mira de la sociedad y de las administraciones por la elevada contaminaci\u00f3n de provocan. Y cada vez est\u00e1n m\u00e1s sujetas a impuestos verdes y a una mala imagen reputacional, no en vano el \u2018flygskam\u2019, o la verg\u00fcenza a volar, est\u00e1 ganando terreno entre los m\u00e1s j\u00f3venes.<\/p>\n<p>Los fabricantes como Airbus est\u00e1n apostando fuerte por la investigaci\u00f3n del transporte limpio, sin emisiones CO2. Aquel que consiga situar un avi\u00f3n de cero emisiones que respete el medioambiente sin duda acumular\u00e1 pedidos. El gigante europeo Airbus quiere incluir en su cat\u00e1logo los primeros aviones comerciales \u201cecol\u00f3gicos\u201d del mundo.<\/p>\n<p>Estar\u00e1n identificaos como ZEROe y utilizar\u00e1n el hidr\u00f3geno l\u00edquido de combustible, sin emitir CO2, s\u00f3lo vapor de agua. El modelo en el que trabaja para la aviaci\u00f3n comercial es un prototipo de entre 120 y 200 pasajeros con una autonom\u00eda de 3.500 kil\u00f3metros. Este radio de navegaci\u00f3n permitir\u00eda incluso plantear algunos vuelos transoce\u00e1nicos.<\/p>\n","protected":false},"excerpt":{"rendered":"<p>Las aeronaves impulsadas con hidr\u00f3geno pueden ser una realidad en 2035. Airbus ha presentado sus primeros aviones de pasajeros de \u2018cero emisiones\u2019. El fabricante europeo de aeronaves trabaja con tres prototipos que podr\u00edan echar el vuelo en 15 a\u00f1os. La alta contaminaci\u00f3n provocada por las aerol\u00edneas es el tal\u00f3n de Aquiles de la industria de &hellip;<\/p>\n","protected":false},"author":408,"featured_media":0,"comment_status":"closed","ping_status":"open","sticky":false,"template":"","format":"standard","meta":[],"categories":[65],"tags":[],"_links":{"self":[{"href":"https:\/\/www.comunicatur.info\/es\/wp-json\/wp\/v2\/posts\/15883"}],"collection":[{"href":"https:\/\/www.comunicatur.info\/es\/wp-json\/wp\/v2\/posts"}],"about":[{"href":"https:\/\/www.comunicatur.info\/es\/wp-json\/wp\/v2\/types\/post"}],"author":[{"embeddable":true,"href":"https:\/\/www.comunicatur.info\/es\/wp-json\/wp\/v2\/users\/408"}],"replies":[{"embeddable":true,"href":"https:\/\/www.comunicatur.info\/es\/wp-json\/wp\/v2\/comments?post=15883"}],"version-history":[{"count":1,"href":"https:\/\/www.comunicatur.info\/es\/wp-json\/wp\/v2\/posts\/15883\/revisions"}],"predecessor-version":[{"id":15884,"href":"https:\/\/www.comunicatur.info\/es\/wp-json\/wp\/v2\/posts\/15883\/revisions\/15884"}],"wp:attachment":[{"href":"https:\/\/www.comunicatur.info\/es\/wp-json\/wp\/v2\/media?parent=15883"}],"wp:term":[{"taxonomy":"category","embeddable":true,"href":"https:\/\/www.comunicatur.info\/es\/wp-json\/wp\/v2\/categories?post=15883"},{"taxonomy":"post_tag","embeddable":true,"href":"https:\/\/www.comunicatur.info\/es\/wp-json\/wp\/v2\/tags?post=15883"}],"curies":[{"name":"wp","href":"https:\/\/api.w.org\/{rel}","templated":true}]}}