{"id":15768,"date":"2020-10-09T00:00:43","date_gmt":"2020-10-08T22:00:43","guid":{"rendered":"https:\/\/comunicatur.info\/?p=15768"},"modified":"2020-10-08T16:38:22","modified_gmt":"2020-10-08T14:38:22","slug":"el-rapido-desconfinamiento-para-beneficiar-al-turismo-ha-traido-la-situacion-actual","status":"publish","type":"post","link":"https:\/\/www.comunicatur.info\/es\/el-rapido-desconfinamiento-para-beneficiar-al-turismo-ha-traido-la-situacion-actual\/","title":{"rendered":"El r\u00e1pido desconfinamiento para beneficiar al turismo ha tra\u00eddo la situaci\u00f3n actual"},"content":{"rendered":"<p>El prestigioso catedr\u00e1tico de econom\u00eda Andreu Mas-Colell se ha referido al futuro del sector tur\u00edstico durante un an\u00e1lisis econ\u00f3mico para Espa\u00f1a y Catalu\u00f1a.<!--more--><\/p>\n<p><img class=\"alignright wp-image-15766 size-medium\" src=\"https:\/\/www.comunicatur.info\/wp-content\/uploads\/2020\/10\/Mas-Colell_Andreu-300x190.jpg\" alt=\"\" width=\"300\" height=\"190\" srcset=\"https:\/\/www.comunicatur.info\/wp-content\/uploads\/2020\/10\/Mas-Colell_Andreu-300x190.jpg 300w, https:\/\/www.comunicatur.info\/wp-content\/uploads\/2020\/10\/Mas-Colell_Andreu-600x380.jpg 600w, https:\/\/www.comunicatur.info\/wp-content\/uploads\/2020\/10\/Mas-Colell_Andreu.jpg 649w\" sizes=\"(max-width: 300px) 100vw, 300px\" \/>En una entrevista en el programa Els Matins de TV3, Mas-Colell considera que la estructura de la demanda cambiar\u00e1 con la pandemia y por eso estaremos obligados a adaptar los negocios.<\/p>\n<p>En este sentido ha vaticinado que \u201csi en el futuro acaban viniendo dos de cada tres turistas de los que nos visitaban muchos negocios del turismo no ser\u00e1n viables\u201d. Por ello afirma que el sector tur\u00edstico debe transformarse, redirigir parte de los trabajadores hacia a otros sectores y readaptar muchas de las empresas. O lo que es lo mismo, el reputado catedr\u00e1tico ve que en el futuro m\u00e1s inmediato se producir\u00e1 la ca\u00edda de una parte del actual empresariado tur\u00edstico.<\/p>\n<p>Mas-Colell opina que en beneficio de la industria tur\u00edstica desconfinamos demasiado r\u00e1pido en junio y eso ha provocado que los contagios vuelvan y que la pandemia contin\u00fae y la econom\u00eda no se recupere. Augura que en 2021 las empresas continuar\u00e1n sufriendo, pero para el 2022 se podr\u00eda recuperar la econom\u00eda y volveremos a la normalidad.<\/p>\n","protected":false},"excerpt":{"rendered":"<p>El prestigioso catedr\u00e1tico de econom\u00eda Andreu Mas-Colell se ha referido al futuro del sector tur\u00edstico durante un an\u00e1lisis econ\u00f3mico para Espa\u00f1a y Catalu\u00f1a. En una entrevista en el programa Els Matins de TV3, Mas-Colell considera que la estructura de la demanda cambiar\u00e1 con la pandemia y por eso estaremos obligados a adaptar los negocios. En &hellip;<\/p>\n","protected":false},"author":408,"featured_media":0,"comment_status":"closed","ping_status":"open","sticky":false,"template":"","format":"standard","meta":[],"categories":[74],"tags":[],"_links":{"self":[{"href":"https:\/\/www.comunicatur.info\/es\/wp-json\/wp\/v2\/posts\/15768"}],"collection":[{"href":"https:\/\/www.comunicatur.info\/es\/wp-json\/wp\/v2\/posts"}],"about":[{"href":"https:\/\/www.comunicatur.info\/es\/wp-json\/wp\/v2\/types\/post"}],"author":[{"embeddable":true,"href":"https:\/\/www.comunicatur.info\/es\/wp-json\/wp\/v2\/users\/408"}],"replies":[{"embeddable":true,"href":"https:\/\/www.comunicatur.info\/es\/wp-json\/wp\/v2\/comments?post=15768"}],"version-history":[{"count":1,"href":"https:\/\/www.comunicatur.info\/es\/wp-json\/wp\/v2\/posts\/15768\/revisions"}],"predecessor-version":[{"id":15769,"href":"https:\/\/www.comunicatur.info\/es\/wp-json\/wp\/v2\/posts\/15768\/revisions\/15769"}],"wp:attachment":[{"href":"https:\/\/www.comunicatur.info\/es\/wp-json\/wp\/v2\/media?parent=15768"}],"wp:term":[{"taxonomy":"category","embeddable":true,"href":"https:\/\/www.comunicatur.info\/es\/wp-json\/wp\/v2\/categories?post=15768"},{"taxonomy":"post_tag","embeddable":true,"href":"https:\/\/www.comunicatur.info\/es\/wp-json\/wp\/v2\/tags?post=15768"}],"curies":[{"name":"wp","href":"https:\/\/api.w.org\/{rel}","templated":true}]}}