{"id":15672,"date":"2020-09-24T00:00:40","date_gmt":"2020-09-23T22:00:40","guid":{"rendered":"https:\/\/comunicatur.info\/?p=15672"},"modified":"2020-09-23T14:53:10","modified_gmt":"2020-09-23T12:53:10","slug":"cancelado-lo-que-quedaba-del-programa-del-imserso","status":"publish","type":"post","link":"https:\/\/www.comunicatur.info\/es\/cancelado-lo-que-quedaba-del-programa-del-imserso\/","title":{"rendered":"Cancelado lo que quedaba del programa del Imserso"},"content":{"rendered":"<p>\u00abSer\u00eda una insensatez poner a viajar a millones de personas mayores en este momento de pandemia\u00bb. Con esta afirmaci\u00f3n el Gobierno de Espa\u00f1a se ha ventilado la parte de programa del Imserso que quedaba pendiente para esta temporada.<!--more--><\/p>\n<p><img class=\"alignright size-medium wp-image-13971\" src=\"https:\/\/www.comunicatur.info\/wp-content\/uploads\/2019\/06\/Imserso2-230x300.jpg\" alt=\"\" width=\"230\" height=\"300\" srcset=\"https:\/\/www.comunicatur.info\/wp-content\/uploads\/2019\/06\/Imserso2-230x300.jpg 230w, https:\/\/www.comunicatur.info\/wp-content\/uploads\/2019\/06\/Imserso2-600x783.jpg 600w, https:\/\/www.comunicatur.info\/wp-content\/uploads\/2019\/06\/Imserso2.jpg 612w\" sizes=\"(max-width: 230px) 100vw, 230px\" \/>Los viajes de turismo social para personas mayores se retomar\u00e1n en la temporada 2021\/2022 y no hay alternativa para reorientar y salvar lo que queda de esta temporada. El Gobierno no conf\u00eda en la situaci\u00f3n de Espa\u00f1a para los viajes, algo que no favorece la imagen del destino.<\/p>\n<p>El Imserso llevaba suspendido durante meses y ahora ha llegado a la cancelaci\u00f3n. El ejecutivo no parece confiar en los protocoles de seguridad contra el coronavirus que se aplican en el sector, o eso parece. Tampoco ha trabajado alternativas como la substituci\u00f3n de las personas mayores por otros colectivos como los sanitarios, trabajadores de servicios b\u00e1sicos, en comercios, grandes superficies o transportistas.<\/p>\n<p>El Consejo de Ministros, que ya ha aprobado la cancelaci\u00f3n, aduce que persiste la situaci\u00f3n de emergencia sanitaria derivada de la COVID-19: \u201cSiguen produci\u00e9ndose nuevos rebrotes y hospitalizaciones a diario por su causa y no puede conocerse con certeza la fecha en que finalizar\u00e1 la crisis sanitaria\u201d, afirma el Gobierno.<\/p>\n<p>El ejecutivo recuerda que los programas de turismo y termalismo social del Imserso van dirigidos a uno de los colectivos m\u00e1s afectados por la pandemia y que por ello \u201cse hace necesario adoptar la medida excepcional de cancelar dichos programas aprobados para la temporada 2020\/2021 y para la temporada de termalismo 2020.\u201d<\/p>\n<p>El Imserso contribuye al mantenimiento del empleo en zonas tur\u00edsticas. Hoteleros y agencias de viajes esperan conocer m\u00e1s detalles del futuro programa. \u00bfcu\u00e1ndo estar\u00e1 listo? \u00bfPara qu\u00e9 fechas se programar\u00e1n? \u00bfEn qu\u00e9 condiciones? Etc.<\/p>\n","protected":false},"excerpt":{"rendered":"<p>\u00abSer\u00eda una insensatez poner a viajar a millones de personas mayores en este momento de pandemia\u00bb. Con esta afirmaci\u00f3n el Gobierno de Espa\u00f1a se ha ventilado la parte de programa del Imserso que quedaba pendiente para esta temporada. Los viajes de turismo social para personas mayores se retomar\u00e1n en la temporada 2021\/2022 y no hay &hellip;<\/p>\n","protected":false},"author":408,"featured_media":0,"comment_status":"closed","ping_status":"open","sticky":false,"template":"","format":"standard","meta":[],"categories":[59,66],"tags":[],"_links":{"self":[{"href":"https:\/\/www.comunicatur.info\/es\/wp-json\/wp\/v2\/posts\/15672"}],"collection":[{"href":"https:\/\/www.comunicatur.info\/es\/wp-json\/wp\/v2\/posts"}],"about":[{"href":"https:\/\/www.comunicatur.info\/es\/wp-json\/wp\/v2\/types\/post"}],"author":[{"embeddable":true,"href":"https:\/\/www.comunicatur.info\/es\/wp-json\/wp\/v2\/users\/408"}],"replies":[{"embeddable":true,"href":"https:\/\/www.comunicatur.info\/es\/wp-json\/wp\/v2\/comments?post=15672"}],"version-history":[{"count":1,"href":"https:\/\/www.comunicatur.info\/es\/wp-json\/wp\/v2\/posts\/15672\/revisions"}],"predecessor-version":[{"id":15673,"href":"https:\/\/www.comunicatur.info\/es\/wp-json\/wp\/v2\/posts\/15672\/revisions\/15673"}],"wp:attachment":[{"href":"https:\/\/www.comunicatur.info\/es\/wp-json\/wp\/v2\/media?parent=15672"}],"wp:term":[{"taxonomy":"category","embeddable":true,"href":"https:\/\/www.comunicatur.info\/es\/wp-json\/wp\/v2\/categories?post=15672"},{"taxonomy":"post_tag","embeddable":true,"href":"https:\/\/www.comunicatur.info\/es\/wp-json\/wp\/v2\/tags?post=15672"}],"curies":[{"name":"wp","href":"https:\/\/api.w.org\/{rel}","templated":true}]}}