{"id":15660,"date":"2020-09-22T00:00:51","date_gmt":"2020-09-21T22:00:51","guid":{"rendered":"https:\/\/comunicatur.info\/?p=15660"},"modified":"2020-09-19T12:38:17","modified_gmt":"2020-09-19T10:38:17","slug":"que-barcelona-conoces-tu-nueva-campana-de-la-diba-para-presentar-las-comarcas-del-entorno-de-barcelona","status":"publish","type":"post","link":"https:\/\/www.comunicatur.info\/es\/que-barcelona-conoces-tu-nueva-campana-de-la-diba-para-presentar-las-comarcas-del-entorno-de-barcelona\/","title":{"rendered":"\u201c\u00bfQu\u00e9 Barcelona conoces t\u00fa?\u201d, nueva campa\u00f1a de la DIBA para presentar las comarcas del entorno de Barcelona"},"content":{"rendered":"<p>La Diputaci\u00f3n de Barcelona ha decidido emprender una campa\u00f1a orientada al mercado dom\u00e9stico para dar continuidad a la campa\u00f1a de verano promovida por la Generalitat de Catalu\u00f1a y las diputaciones \u201cCatalu\u00f1a es tu casa\u201d.<!--more--><\/p>\n<p>El lema escogido es <strong>\u201c\u00bfQu\u00e9 Barcelona conoces t\u00fa?\u201d<\/strong> y presenta las comarcas del entorno de Barcelona como destinos cercanos, de calidad y seguros. Se ha preparado una campa\u00f1a gen\u00e9rica y otra m\u00e1s espec\u00edfica en que se destacan productos como el enoturismo, la cultura, el turismo rural o el golf.<\/p>\n<p>La campa\u00f1a se puede seguir en las redes sociales con la etiqueta <strong>#QuinaBarcelonaConeixes<\/strong> y en los perfiles de <strong>@BCNmuchomas<\/strong><strong>.<\/strong><\/p>\n<p><img class=\"alignright size-medium wp-image-15656\" src=\"https:\/\/www.comunicatur.info\/wp-content\/uploads\/2020\/09\/QUINA-BCN-CONEIXES-TU-216x300.jpg\" alt=\"\" width=\"216\" height=\"300\" srcset=\"https:\/\/www.comunicatur.info\/wp-content\/uploads\/2020\/09\/QUINA-BCN-CONEIXES-TU-216x300.jpg 216w, https:\/\/www.comunicatur.info\/wp-content\/uploads\/2020\/09\/QUINA-BCN-CONEIXES-TU-768x1069.jpg 768w, https:\/\/www.comunicatur.info\/wp-content\/uploads\/2020\/09\/QUINA-BCN-CONEIXES-TU-736x1024.jpg 736w, https:\/\/www.comunicatur.info\/wp-content\/uploads\/2020\/09\/QUINA-BCN-CONEIXES-TU-600x835.jpg 600w, https:\/\/www.comunicatur.info\/wp-content\/uploads\/2020\/09\/QUINA-BCN-CONEIXES-TU.jpg 1200w\" sizes=\"(max-width: 216px) 100vw, 216px\" \/>Adem\u00e1s la campa\u00f1a se alinea con la <a href=\"https:\/\/www.barcelonaesmoltmes.cat\/es\/web\/professionals\" target=\"_blank\" rel=\"noopener noreferrer\"><strong>Estrat\u00e8gia ZerO<\/strong><\/a>, que la Diputaci\u00f3n de Barcelona puso en marcha en el mes de abril y que ha inspirado las acciones de marketing durante este tiempo. El objetivo es potenciar el turismo sostenible, responsable y de proximidad. La iniciativa tambi\u00e9n quiere dar soporte a las pymes, microempresas y aut\u00f3nomos para mantener su actividad tur\u00edstica y empresarial. As\u00ed la<a href=\"http:\/\/www.barcelonaesmoltmes.cat\/es\/web\/professionals\" target=\"_blank\" rel=\"noopener noreferrer\"> <strong>Estrat\u00e8gia ZerO<\/strong><\/a> es tambi\u00e9n un espacio web de teletrabajo dirigido a profesionales tur\u00edsticos.<\/p>\n<p><span style=\"font-size: 12pt;\"><strong>Los turistas espa\u00f1oles pal\u00edan el descenso de pernoctaciones de verano en la provincia de Barcelona<\/strong><\/span><\/p>\n<p>La campa\u00f1a tambi\u00e9n quiere alargar la temporada tur\u00edstica, <strong>ya que los visitantes dom\u00e9sticos han tenido una importancia capital, representando un 75% del total de pernoctaciones de los meses de julio y agosto.<\/strong><\/p>\n<p>La anunciada ca\u00edda del turismo por la crisis de la COVID-19 ya tiene cifras. Seg\u00fan los datos del <strong>Laboratorio de Turismo de la Diputaci\u00f3n de Barcelona<\/strong>, a partir de los datos obtenidos de la plataforma electr\u00f3nica para la gesti\u00f3n de la informaci\u00f3n, <strong>Tourism Data System, <\/strong>la ca\u00edda del mercado extranjero en la demarcaci\u00f3n de Barcelona ha presentado una variaci\u00f3n negativa considerable con respecto a los datos del a\u00f1o pasado. Los ejemplos m\u00e1s destacados son:<\/p>\n<ul>\n<li>Francia: -71%<\/li>\n<li>Estados Unidos y Canad\u00e1: -98%<\/li>\n<\/ul>\n<p>Las cifras del Laboratorio de Turismo tambi\u00e9n certifican el atractivo del interior en un verano marcado por la crisis y constatan que <strong>el turista catal\u00e1n que ha escogido alojarse en establecimientos de turismo rural ha crecido un 39,5%<\/strong> respecto al mismo periodo del 2019. Las comarcas m\u00e1s beneficiadas por esta decisi\u00f3n han sido: Anoia, Bages, Moian\u00e8s, Osona y Bergued\u00e0, lugares donde tambi\u00e9n los campings han tenido una buena aceptaci\u00f3n.<\/p>\n<p>En conjunto, las pernoctaciones <strong>en todas las tipolog\u00edas de alojamientos<\/strong> de las destinaciones de Barcelona durante julio y agosto <strong>han ca\u00eddo un 2,5%.<\/strong><\/p>\n<p>El turista dom\u00e9stico ha representado un 75% del total de pernoctaciones durante los meses de julio y agosto, cuando el a\u00f1o pasado el peso representaba \u201csolamente\u201d un 31%.<\/p>\n<p><a href=\"https:\/\/www.barcelonaesmoltmes.cat\/es\/web\/professionals\" target=\"_blank\" rel=\"noopener\"><strong><em>Quiero ver el v\u00eddeo de la campa\u00f1a<\/em><\/strong><\/a><\/p>\n","protected":false},"excerpt":{"rendered":"<p>La Diputaci\u00f3n de Barcelona ha decidido emprender una campa\u00f1a orientada al mercado dom\u00e9stico para dar continuidad a la campa\u00f1a de verano promovida por la Generalitat de Catalu\u00f1a y las diputaciones \u201cCatalu\u00f1a es tu casa\u201d. El lema escogido es \u201c\u00bfQu\u00e9 Barcelona conoces t\u00fa?\u201d y presenta las comarcas del entorno de Barcelona como destinos cercanos, de calidad &hellip;<\/p>\n","protected":false},"author":408,"featured_media":0,"comment_status":"closed","ping_status":"open","sticky":false,"template":"","format":"standard","meta":[],"categories":[62,74],"tags":[],"_links":{"self":[{"href":"https:\/\/www.comunicatur.info\/es\/wp-json\/wp\/v2\/posts\/15660"}],"collection":[{"href":"https:\/\/www.comunicatur.info\/es\/wp-json\/wp\/v2\/posts"}],"about":[{"href":"https:\/\/www.comunicatur.info\/es\/wp-json\/wp\/v2\/types\/post"}],"author":[{"embeddable":true,"href":"https:\/\/www.comunicatur.info\/es\/wp-json\/wp\/v2\/users\/408"}],"replies":[{"embeddable":true,"href":"https:\/\/www.comunicatur.info\/es\/wp-json\/wp\/v2\/comments?post=15660"}],"version-history":[{"count":1,"href":"https:\/\/www.comunicatur.info\/es\/wp-json\/wp\/v2\/posts\/15660\/revisions"}],"predecessor-version":[{"id":15661,"href":"https:\/\/www.comunicatur.info\/es\/wp-json\/wp\/v2\/posts\/15660\/revisions\/15661"}],"wp:attachment":[{"href":"https:\/\/www.comunicatur.info\/es\/wp-json\/wp\/v2\/media?parent=15660"}],"wp:term":[{"taxonomy":"category","embeddable":true,"href":"https:\/\/www.comunicatur.info\/es\/wp-json\/wp\/v2\/categories?post=15660"},{"taxonomy":"post_tag","embeddable":true,"href":"https:\/\/www.comunicatur.info\/es\/wp-json\/wp\/v2\/tags?post=15660"}],"curies":[{"name":"wp","href":"https:\/\/api.w.org\/{rel}","templated":true}]}}