{"id":15642,"date":"2020-09-17T00:00:26","date_gmt":"2020-09-16T22:00:26","guid":{"rendered":"https:\/\/comunicatur.info\/?p=15642"},"modified":"2020-09-16T20:17:56","modified_gmt":"2020-09-16T18:17:56","slug":"la-politica-flexibilizacion-en-las-cancelaciones-ha-permitido-recuperar-reservas-en-verano","status":"publish","type":"post","link":"https:\/\/www.comunicatur.info\/es\/la-politica-flexibilizacion-en-las-cancelaciones-ha-permitido-recuperar-reservas-en-verano\/","title":{"rendered":"La pol\u00edtica flexibilizaci\u00f3n en las cancelaciones ha permitido recuperar reservas en verano"},"content":{"rendered":"<p>La plataforma Insights-X for Destinations ha analizado las reservas, cancelaciones y transacciones de operadores, hoteles, agencias de viajes y OTA\u2019s a nivel mundial durante este verano y ha publicado los resultados referentes a los destinos espa\u00f1oles.<\/p>\n<p><!--more--><img class=\"alignright size-medium wp-image-15638\" src=\"https:\/\/www.comunicatur.info\/wp-content\/uploads\/2020\/09\/internet_travelgate-300x140.jpg\" alt=\"\" width=\"300\" height=\"140\" srcset=\"https:\/\/www.comunicatur.info\/wp-content\/uploads\/2020\/09\/internet_travelgate-300x140.jpg 300w, https:\/\/www.comunicatur.info\/wp-content\/uploads\/2020\/09\/internet_travelgate-768x358.jpg 768w, https:\/\/www.comunicatur.info\/wp-content\/uploads\/2020\/09\/internet_travelgate-1024x477.jpg 1024w, https:\/\/www.comunicatur.info\/wp-content\/uploads\/2020\/09\/internet_travelgate-600x280.jpg 600w, https:\/\/www.comunicatur.info\/wp-content\/uploads\/2020\/09\/internet_travelgate.jpg 1345w\" sizes=\"(max-width: 300px) 100vw, 300px\" \/>Seg\u00fan los datos monotorizados para los meses de julio y agosto de 2020 Insights-X for Destinations concluye que \u201cEl volumen de reservas de viajes a Catalu\u00f1a se ha recuperado en un 30% respecto al 2019, siendo tambi\u00e9n los turistas espa\u00f1oles los que m\u00e1s confiaron en este destino. El mercado brit\u00e1nico disminuy\u00f3 sus viajes a la regi\u00f3n, manteniendo sus reservas en un 20% en relaci\u00f3n con el a\u00f1o anterior. En este caso se registra el mayor descenso de la estancia y el precio medios, con ca\u00eddas del 1,8% y el 4%, respectivamente (con 4,6 noches y 130 \u20ac).<\/p>\n<p>A nivel general Insights-X for Destinations afirma que ha detectado que a pesar del notable aumento del n\u00famero de cancelaciones con respecto a 2019 debido a la crisis sanitaria, lo que m\u00e1s ha ayudado a recuperar una parte de las reservas ha sido que \u201cmuchas empresas han flexibilizado sus pol\u00edticas de cancelaci\u00f3n ofreciendo mayores facilidades a los viajeros para reservar y poder cambiar sus planes de viaje, dando de esta forma mayor seguridad y confianza a los usuarios\u201d.<\/p>\n<p><a href=\"https:\/\/blog.travelgatex.com\/es\/blog\/2020\/01\/29\/nueva-herramienta-para-el-posicionamiento-de-destinos-turisticos\/\" target=\"_blank\" rel=\"noopener\">Insights-X for Destinations<\/a>, es la herramienta de an\u00e1lisis de datos en tiempo real creada por <a href=\"http:\/\/www.travelgatex.com\" target=\"_blank\" rel=\"noopener\">TravelgateX<\/a> y <a href=\"https:\/\/www.toptourismmarketing.com\/\" target=\"_blank\" rel=\"noopener\">Top Tourism Marketing<\/a><u>.<\/u><\/p>\n","protected":false},"excerpt":{"rendered":"<p>La plataforma Insights-X for Destinations ha analizado las reservas, cancelaciones y transacciones de operadores, hoteles, agencias de viajes y OTA\u2019s a nivel mundial durante este verano y ha publicado los resultados referentes a los destinos espa\u00f1oles. Seg\u00fan los datos monotorizados para los meses de julio y agosto de 2020 Insights-X for Destinations concluye que \u201cEl &hellip;<\/p>\n","protected":false},"author":408,"featured_media":0,"comment_status":"closed","ping_status":"open","sticky":false,"template":"","format":"standard","meta":[],"categories":[74],"tags":[],"_links":{"self":[{"href":"https:\/\/www.comunicatur.info\/es\/wp-json\/wp\/v2\/posts\/15642"}],"collection":[{"href":"https:\/\/www.comunicatur.info\/es\/wp-json\/wp\/v2\/posts"}],"about":[{"href":"https:\/\/www.comunicatur.info\/es\/wp-json\/wp\/v2\/types\/post"}],"author":[{"embeddable":true,"href":"https:\/\/www.comunicatur.info\/es\/wp-json\/wp\/v2\/users\/408"}],"replies":[{"embeddable":true,"href":"https:\/\/www.comunicatur.info\/es\/wp-json\/wp\/v2\/comments?post=15642"}],"version-history":[{"count":1,"href":"https:\/\/www.comunicatur.info\/es\/wp-json\/wp\/v2\/posts\/15642\/revisions"}],"predecessor-version":[{"id":15643,"href":"https:\/\/www.comunicatur.info\/es\/wp-json\/wp\/v2\/posts\/15642\/revisions\/15643"}],"wp:attachment":[{"href":"https:\/\/www.comunicatur.info\/es\/wp-json\/wp\/v2\/media?parent=15642"}],"wp:term":[{"taxonomy":"category","embeddable":true,"href":"https:\/\/www.comunicatur.info\/es\/wp-json\/wp\/v2\/categories?post=15642"},{"taxonomy":"post_tag","embeddable":true,"href":"https:\/\/www.comunicatur.info\/es\/wp-json\/wp\/v2\/tags?post=15642"}],"curies":[{"name":"wp","href":"https:\/\/api.w.org\/{rel}","templated":true}]}}