{"id":15634,"date":"2020-09-16T00:00:26","date_gmt":"2020-09-15T22:00:26","guid":{"rendered":"https:\/\/comunicatur.info\/?p=15634"},"modified":"2020-09-16T19:44:48","modified_gmt":"2020-09-16T17:44:48","slug":"la-wtm-de-londres-cancela-su-edicion-presencial-de-2020","status":"publish","type":"post","link":"https:\/\/www.comunicatur.info\/es\/la-wtm-de-londres-cancela-su-edicion-presencial-de-2020\/","title":{"rendered":"La WTM de Londres cancela su edici\u00f3n presencial de 2020"},"content":{"rendered":"<p>La organizaci\u00f3n de la World Travel Market (WTM) ha renunciado a celebrar su feria de turismo de Londres en el formato presencial los d\u00edas 2,3, y 4 de noviembre.<!--more--><\/p>\n<p><img class=\"alignright size-medium wp-image-15632\" src=\"https:\/\/www.comunicatur.info\/wp-content\/uploads\/2020\/09\/WTM-2020-300x182.jpg\" alt=\"\" width=\"300\" height=\"182\" srcset=\"https:\/\/www.comunicatur.info\/wp-content\/uploads\/2020\/09\/WTM-2020-300x182.jpg 300w, https:\/\/www.comunicatur.info\/wp-content\/uploads\/2020\/09\/WTM-2020-768x465.jpg 768w, https:\/\/www.comunicatur.info\/wp-content\/uploads\/2020\/09\/WTM-2020.jpg 1024w, https:\/\/www.comunicatur.info\/wp-content\/uploads\/2020\/09\/WTM-2020-600x363.jpg 600w\" sizes=\"(max-width: 300px) 100vw, 300px\" \/>Durante este verano los organizadores se resist\u00edan a suspender su edici\u00f3n londinense de 2020 pero ha tenido que cancelar como ya preve\u00edamos en Comunicatur a finales de agosto,<a href=\"https:\/\/www.comunicatur.info\/es\/wtm-se-resiste-suspender-su-edicion-londinense-de-2020\/\" target=\"_blank\" rel=\"noopener noreferrer\"> aunque segu\u00edan apretando a los expositores a participar y reservar estands.<\/a> Ahora queda pendiente saber qu\u00e9 pasa con el dinero abonado para la reserva de espacios.<\/p>\n<p>Es la primera suspensi\u00f3n de este evento en m\u00e1s de cuarenta a\u00f1os de historia de la WTM. En la pasada edici\u00f3n cont\u00f3 con m\u00e1s de 50.000 participantes, y seg\u00fan los organizadores, se realizaron m\u00e1s de un mill\u00f3n de reuniones entre 5.000 expositores.<\/p>\n<p>La feria ya ten\u00eda previsto realizar un evento paralelo de formato virtual la semana siguiente al certamen. El encuentro online se mantiene para los d\u00edas 9,10 y 11 de noviembre y llevar\u00e1 como objetivo centrarse en la recuperaci\u00f3n poscovid de la industria de los viajes y el turismo.<\/p>\n<p>La pandemia mundial deja a la WTM 2020 en encuentros de networking y comerciales telem\u00e1ticos entre los asistentes y conferencias y foros de debate abiertos en formato virtual.<\/p>\n","protected":false},"excerpt":{"rendered":"<p>La organizaci\u00f3n de la World Travel Market (WTM) ha renunciado a celebrar su feria de turismo de Londres en el formato presencial los d\u00edas 2,3, y 4 de noviembre. Durante este verano los organizadores se resist\u00edan a suspender su edici\u00f3n londinense de 2020 pero ha tenido que cancelar como ya preve\u00edamos en Comunicatur a finales &hellip;<\/p>\n","protected":false},"author":408,"featured_media":0,"comment_status":"closed","ping_status":"open","sticky":false,"template":"","format":"standard","meta":[],"categories":[63],"tags":[],"_links":{"self":[{"href":"https:\/\/www.comunicatur.info\/es\/wp-json\/wp\/v2\/posts\/15634"}],"collection":[{"href":"https:\/\/www.comunicatur.info\/es\/wp-json\/wp\/v2\/posts"}],"about":[{"href":"https:\/\/www.comunicatur.info\/es\/wp-json\/wp\/v2\/types\/post"}],"author":[{"embeddable":true,"href":"https:\/\/www.comunicatur.info\/es\/wp-json\/wp\/v2\/users\/408"}],"replies":[{"embeddable":true,"href":"https:\/\/www.comunicatur.info\/es\/wp-json\/wp\/v2\/comments?post=15634"}],"version-history":[{"count":1,"href":"https:\/\/www.comunicatur.info\/es\/wp-json\/wp\/v2\/posts\/15634\/revisions"}],"predecessor-version":[{"id":15636,"href":"https:\/\/www.comunicatur.info\/es\/wp-json\/wp\/v2\/posts\/15634\/revisions\/15636"}],"wp:attachment":[{"href":"https:\/\/www.comunicatur.info\/es\/wp-json\/wp\/v2\/media?parent=15634"}],"wp:term":[{"taxonomy":"category","embeddable":true,"href":"https:\/\/www.comunicatur.info\/es\/wp-json\/wp\/v2\/categories?post=15634"},{"taxonomy":"post_tag","embeddable":true,"href":"https:\/\/www.comunicatur.info\/es\/wp-json\/wp\/v2\/tags?post=15634"}],"curies":[{"name":"wp","href":"https:\/\/api.w.org\/{rel}","templated":true}]}}