{"id":15611,"date":"2020-09-07T00:00:51","date_gmt":"2020-09-06T22:00:51","guid":{"rendered":"https:\/\/comunicatur.info\/?p=15611"},"modified":"2020-09-06T14:57:09","modified_gmt":"2020-09-06T12:57:09","slug":"esperando-el-efecto-rebote-del-turismo-en-2021","status":"publish","type":"post","link":"https:\/\/www.comunicatur.info\/es\/esperando-el-efecto-rebote-del-turismo-en-2021\/","title":{"rendered":"Esperando el efecto rebote del turismo en 2021"},"content":{"rendered":"<p>La situaci\u00f3n desastrosa del sector tur\u00edstico podr\u00eda cambiar si a finales de este a\u00f1o y principios del pr\u00f3ximo se consigue una vacuna contra la Covid-19 que se aplique de forma generaliza a nivel mundial.<!--more--><\/p>\n<p><img class=\"alignright size-medium wp-image-15608\" src=\"https:\/\/www.comunicatur.info\/wp-content\/uploads\/2020\/09\/piscina_turistas-300x225.jpg\" alt=\"\" width=\"300\" height=\"225\" srcset=\"https:\/\/www.comunicatur.info\/wp-content\/uploads\/2020\/09\/piscina_turistas-300x225.jpg 300w, https:\/\/www.comunicatur.info\/wp-content\/uploads\/2020\/09\/piscina_turistas-768x576.jpg 768w, https:\/\/www.comunicatur.info\/wp-content\/uploads\/2020\/09\/piscina_turistas-1024x768.jpg 1024w, https:\/\/www.comunicatur.info\/wp-content\/uploads\/2020\/09\/piscina_turistas-600x450.jpg 600w\" sizes=\"(max-width: 300px) 100vw, 300px\" \/>En un contexto como este se recuperar\u00eda la confianza social y podr\u00eda retornar la seguridad en viajar. La ministra de Industria, Comercio y Turismo, Reyes Maroto, defiende esta idea y augura un \u00abefecto rebote si se recupera la confianza\u00bb. As\u00ed que el sector est\u00e1 muy atento en ver si a principios del pr\u00f3ximo a\u00f1o puede haber ya una vacuna contra el coronavirus.<\/p>\n<p>Aun as\u00ed, Maroto ve dif\u00edcil recuperar el volumen de turistas de ejercicios anteriores una vez se normalicen los viajes tur\u00edsticos. Ahora toca transmitir seguridad a los clientes que pueden hacer turismo con cierta normalidad.<\/p>\n<p><img class=\"size-medium wp-image-15609 alignleft\" src=\"https:\/\/www.comunicatur.info\/wp-content\/uploads\/2020\/09\/camping_caravanes-300x225.jpg\" alt=\"\" width=\"300\" height=\"225\" srcset=\"https:\/\/www.comunicatur.info\/wp-content\/uploads\/2020\/09\/camping_caravanes-300x225.jpg 300w, https:\/\/www.comunicatur.info\/wp-content\/uploads\/2020\/09\/camping_caravanes-768x576.jpg 768w, https:\/\/www.comunicatur.info\/wp-content\/uploads\/2020\/09\/camping_caravanes-1024x768.jpg 1024w, https:\/\/www.comunicatur.info\/wp-content\/uploads\/2020\/09\/camping_caravanes-600x450.jpg 600w\" sizes=\"(max-width: 300px) 100vw, 300px\" \/>Esta temporada de verano ha sido dram\u00e1tica para muchos negocios tur\u00edsticos que han tenido que sobrevivir con bajas ocupaciones o directamente han tenido que cerrar sus establecimientos. Pero tambi\u00e9n el verano ha servido para contrastar c\u00f3mo en algunos \u00e1mbitos se ha podido desarrollar la actividad tur\u00edstica con grandes resultados y con cierta normalidad.<\/p>\n<p>El horizonte pos-pandemia apunta bien y la esperanza es que el efecto rebote sea lo suficientemente fuerte y r\u00e1pido que desbloquee las p\u00e9rdidas de este a\u00f1o 2020 para olvidar. Maroto cree que en uno o dos a\u00f1os se podr\u00eda recuperar lo perdido.<\/p>\n","protected":false},"excerpt":{"rendered":"<p>La situaci\u00f3n desastrosa del sector tur\u00edstico podr\u00eda cambiar si a finales de este a\u00f1o y principios del pr\u00f3ximo se consigue una vacuna contra la Covid-19 que se aplique de forma generaliza a nivel mundial. En un contexto como este se recuperar\u00eda la confianza social y podr\u00eda retornar la seguridad en viajar. La ministra de Industria, &hellip;<\/p>\n","protected":false},"author":408,"featured_media":0,"comment_status":"closed","ping_status":"open","sticky":false,"template":"","format":"standard","meta":[],"categories":[74,64],"tags":[],"_links":{"self":[{"href":"https:\/\/www.comunicatur.info\/es\/wp-json\/wp\/v2\/posts\/15611"}],"collection":[{"href":"https:\/\/www.comunicatur.info\/es\/wp-json\/wp\/v2\/posts"}],"about":[{"href":"https:\/\/www.comunicatur.info\/es\/wp-json\/wp\/v2\/types\/post"}],"author":[{"embeddable":true,"href":"https:\/\/www.comunicatur.info\/es\/wp-json\/wp\/v2\/users\/408"}],"replies":[{"embeddable":true,"href":"https:\/\/www.comunicatur.info\/es\/wp-json\/wp\/v2\/comments?post=15611"}],"version-history":[{"count":1,"href":"https:\/\/www.comunicatur.info\/es\/wp-json\/wp\/v2\/posts\/15611\/revisions"}],"predecessor-version":[{"id":15612,"href":"https:\/\/www.comunicatur.info\/es\/wp-json\/wp\/v2\/posts\/15611\/revisions\/15612"}],"wp:attachment":[{"href":"https:\/\/www.comunicatur.info\/es\/wp-json\/wp\/v2\/media?parent=15611"}],"wp:term":[{"taxonomy":"category","embeddable":true,"href":"https:\/\/www.comunicatur.info\/es\/wp-json\/wp\/v2\/categories?post=15611"},{"taxonomy":"post_tag","embeddable":true,"href":"https:\/\/www.comunicatur.info\/es\/wp-json\/wp\/v2\/tags?post=15611"}],"curies":[{"name":"wp","href":"https:\/\/api.w.org\/{rel}","templated":true}]}}