{"id":15576,"date":"2020-09-09T00:00:06","date_gmt":"2020-09-08T22:00:06","guid":{"rendered":"https:\/\/comunicatur.info\/?p=15576"},"modified":"2020-09-06T14:58:39","modified_gmt":"2020-09-06T12:58:39","slug":"espana-perdera-50-millones-de-turistas-este-ano","status":"publish","type":"post","link":"https:\/\/www.comunicatur.info\/es\/espana-perdera-50-millones-de-turistas-este-ano\/","title":{"rendered":"Espa\u00f1a perder\u00e1 50 millones de turistas este a\u00f1o"},"content":{"rendered":"<p>El 12% del PIB de Espa\u00f1a y 2,6 millones de empleos directos dependen del turismo. En 2020 la actividad no va a recuperarse y se perder\u00e1n 50 millones de pernoctaciones este a\u00f1o.<!--more--><\/p>\n<p><img class=\"alignright size-medium wp-image-12903\" src=\"https:\/\/www.comunicatur.info\/wp-content\/uploads\/2018\/11\/terminal_airport-300x225.jpg\" alt=\"\" width=\"300\" height=\"225\" srcset=\"https:\/\/www.comunicatur.info\/wp-content\/uploads\/2018\/11\/terminal_airport-300x225.jpg 300w, https:\/\/www.comunicatur.info\/wp-content\/uploads\/2018\/11\/terminal_airport-768x576.jpg 768w, https:\/\/www.comunicatur.info\/wp-content\/uploads\/2018\/11\/terminal_airport-1024x768.jpg 1024w, https:\/\/www.comunicatur.info\/wp-content\/uploads\/2018\/11\/terminal_airport-600x450.jpg 600w, https:\/\/www.comunicatur.info\/wp-content\/uploads\/2018\/11\/terminal_airport.jpg 2016w\" sizes=\"(max-width: 300px) 100vw, 300px\" \/>Lejos quedar\u00e1 el r\u00e9cord de 83,7 millones de visitantes del pasado a\u00f1o, y con dificultad se superar\u00e1n los 33 millones, lo que supone una ca\u00edda del 60%. Con estas cifras la incidencia directa en las empresas y la econom\u00eda es clara, se desplomar\u00e1n. La llegada de visitantes extranjeros es muy limitada y el turista interno no cubre el hueco dejado por el turista internacional.<\/p>\n<p>En los meses de pandemia se ha perdido toda actividad, pero tambi\u00e9n han impedido materializar las reservas de la temporada alta de verano y ahora ya es demasiado tarde para la recuperaci\u00f3n. Adem\u00e1s, los miedos a rebrotes y confinamientos est\u00e1n retrayendo la demanda europea. De los mercados de largo radio ya ni se cuenta con ellos este 2020.<\/p>\n","protected":false},"excerpt":{"rendered":"<p>El 12% del PIB de Espa\u00f1a y 2,6 millones de empleos directos dependen del turismo. En 2020 la actividad no va a recuperarse y se perder\u00e1n 50 millones de pernoctaciones este a\u00f1o. Lejos quedar\u00e1 el r\u00e9cord de 83,7 millones de visitantes del pasado a\u00f1o, y con dificultad se superar\u00e1n los 33 millones, lo que supone &hellip;<\/p>\n","protected":false},"author":408,"featured_media":0,"comment_status":"closed","ping_status":"open","sticky":false,"template":"","format":"standard","meta":[],"categories":[73,74],"tags":[],"_links":{"self":[{"href":"https:\/\/www.comunicatur.info\/es\/wp-json\/wp\/v2\/posts\/15576"}],"collection":[{"href":"https:\/\/www.comunicatur.info\/es\/wp-json\/wp\/v2\/posts"}],"about":[{"href":"https:\/\/www.comunicatur.info\/es\/wp-json\/wp\/v2\/types\/post"}],"author":[{"embeddable":true,"href":"https:\/\/www.comunicatur.info\/es\/wp-json\/wp\/v2\/users\/408"}],"replies":[{"embeddable":true,"href":"https:\/\/www.comunicatur.info\/es\/wp-json\/wp\/v2\/comments?post=15576"}],"version-history":[{"count":1,"href":"https:\/\/www.comunicatur.info\/es\/wp-json\/wp\/v2\/posts\/15576\/revisions"}],"predecessor-version":[{"id":15577,"href":"https:\/\/www.comunicatur.info\/es\/wp-json\/wp\/v2\/posts\/15576\/revisions\/15577"}],"wp:attachment":[{"href":"https:\/\/www.comunicatur.info\/es\/wp-json\/wp\/v2\/media?parent=15576"}],"wp:term":[{"taxonomy":"category","embeddable":true,"href":"https:\/\/www.comunicatur.info\/es\/wp-json\/wp\/v2\/categories?post=15576"},{"taxonomy":"post_tag","embeddable":true,"href":"https:\/\/www.comunicatur.info\/es\/wp-json\/wp\/v2\/tags?post=15576"}],"curies":[{"name":"wp","href":"https:\/\/api.w.org\/{rel}","templated":true}]}}