{"id":15551,"date":"2020-08-11T09:15:55","date_gmt":"2020-08-11T07:15:55","guid":{"rendered":"https:\/\/comunicatur.info\/?p=15551"},"modified":"2020-08-11T09:15:55","modified_gmt":"2020-08-11T07:15:55","slug":"fernando-simon-envia-un-mensaje-positivo-sobre-barcelona-y-cataluna","status":"publish","type":"post","link":"https:\/\/www.comunicatur.info\/es\/fernando-simon-envia-un-mensaje-positivo-sobre-barcelona-y-cataluna\/","title":{"rendered":"Fernando Sim\u00f3n env\u00eda un mensaje positivo sobre Barcelona y Catalu\u00f1a"},"content":{"rendered":"<p>El director del Centro de Emergencias Sanitarias, Fernando Sim\u00f3n, ha afirmado que la situaci\u00f3n epidemiol\u00f3gica de Catalu\u00f1a y de la ciudad de Barcelona \u00abest\u00e1 en una fase de control\u00bb. Con esta valoraci\u00f3n Sim\u00f3n transmite un mensaje al exterior que puede dar ox\u00edgeno al destino tur\u00edstico muy da\u00f1ado en su imagen.<!--more--><\/p>\n<p><img class=\"alignright size-medium wp-image-15549\" src=\"https:\/\/www.comunicatur.info\/wp-content\/uploads\/2020\/08\/FernandoSimon_covid-300x200.jpg\" alt=\"\" width=\"300\" height=\"200\" srcset=\"https:\/\/www.comunicatur.info\/wp-content\/uploads\/2020\/08\/FernandoSimon_covid-300x200.jpg 300w, https:\/\/www.comunicatur.info\/wp-content\/uploads\/2020\/08\/FernandoSimon_covid-768x512.jpg 768w, https:\/\/www.comunicatur.info\/wp-content\/uploads\/2020\/08\/FernandoSimon_covid-1024x682.jpg 1024w, https:\/\/www.comunicatur.info\/wp-content\/uploads\/2020\/08\/FernandoSimon_covid-600x400.jpg 600w, https:\/\/www.comunicatur.info\/wp-content\/uploads\/2020\/08\/FernandoSimon_covid.jpg 2048w\" sizes=\"(max-width: 300px) 100vw, 300px\" \/>Barcelona y Catalu\u00f1a en general est\u00e1n viviendo una crisis de imagen internacional, los datos de contagios las han estigmatizado como destino tur\u00edstico. Los pa\u00edses europeos no tardaron en enviar mensajes de precauci\u00f3n y establecer cuarentenas a las personas que llegaran desde territorio catal\u00e1n.<\/p>\n<p>Ahora, el doctor Sim\u00f3n, muy criticado por el sector tur\u00edstico por manifestarse a favor de que algunos pa\u00edses recomendaran no viajar a territorio espa\u00f1ol porque esto de rebote beneficiaba el control del coronavirus en Espa\u00f1a, ha contribuido en positivo a lanzar un mensaje esperanzador.<\/p>\n<p>Hay que tener en cuenta que el director del Centro de Emergencias Sanitarias que hace las funciones de portavoz en Espa\u00f1a es considerado un referente a nivel internacional y sus manifestaciones son de peso superando cualquier valoraci\u00f3n que puedan realizar representantes pol\u00edticos del gobierno central o auton\u00f3micos.<\/p>\n<p>Sim\u00f3n ha sacado del foco a Barcelona donde se han adoptado las medidas adecuadas viendo la evoluci\u00f3n de la pandemia, pero mantiene la alerta sobre otras ciudades como Zaragoza o Madrid, donde considera que la situaci\u00f3n sigue siendo grave. El epidemi\u00f3logo, al que le cuesta no ejercer como tal cuando comparece p\u00fablicamente para dar sus explicaciones, no ha descartado, si fuera necesario, aplicar un estado de alarma por territorios en funci\u00f3n de la evoluci\u00f3n del coronavirus.<\/p>\n","protected":false},"excerpt":{"rendered":"<p>El director del Centro de Emergencias Sanitarias, Fernando Sim\u00f3n, ha afirmado que la situaci\u00f3n epidemiol\u00f3gica de Catalu\u00f1a y de la ciudad de Barcelona \u00abest\u00e1 en una fase de control\u00bb. Con esta valoraci\u00f3n Sim\u00f3n transmite un mensaje al exterior que puede dar ox\u00edgeno al destino tur\u00edstico muy da\u00f1ado en su imagen. Barcelona y Catalu\u00f1a en general &hellip;<\/p>\n","protected":false},"author":408,"featured_media":0,"comment_status":"closed","ping_status":"open","sticky":false,"template":"","format":"standard","meta":[],"categories":[64,73],"tags":[],"_links":{"self":[{"href":"https:\/\/www.comunicatur.info\/es\/wp-json\/wp\/v2\/posts\/15551"}],"collection":[{"href":"https:\/\/www.comunicatur.info\/es\/wp-json\/wp\/v2\/posts"}],"about":[{"href":"https:\/\/www.comunicatur.info\/es\/wp-json\/wp\/v2\/types\/post"}],"author":[{"embeddable":true,"href":"https:\/\/www.comunicatur.info\/es\/wp-json\/wp\/v2\/users\/408"}],"replies":[{"embeddable":true,"href":"https:\/\/www.comunicatur.info\/es\/wp-json\/wp\/v2\/comments?post=15551"}],"version-history":[{"count":1,"href":"https:\/\/www.comunicatur.info\/es\/wp-json\/wp\/v2\/posts\/15551\/revisions"}],"predecessor-version":[{"id":15552,"href":"https:\/\/www.comunicatur.info\/es\/wp-json\/wp\/v2\/posts\/15551\/revisions\/15552"}],"wp:attachment":[{"href":"https:\/\/www.comunicatur.info\/es\/wp-json\/wp\/v2\/media?parent=15551"}],"wp:term":[{"taxonomy":"category","embeddable":true,"href":"https:\/\/www.comunicatur.info\/es\/wp-json\/wp\/v2\/categories?post=15551"},{"taxonomy":"post_tag","embeddable":true,"href":"https:\/\/www.comunicatur.info\/es\/wp-json\/wp\/v2\/tags?post=15551"}],"curies":[{"name":"wp","href":"https:\/\/api.w.org\/{rel}","templated":true}]}}