{"id":15519,"date":"2020-08-07T00:00:06","date_gmt":"2020-08-06T22:00:06","guid":{"rendered":"https:\/\/comunicatur.info\/?p=15519"},"modified":"2020-08-03T17:45:44","modified_gmt":"2020-08-03T15:45:44","slug":"como-cambiaran-las-reserves-de-viajes-para-el-verano-de-2021","status":"publish","type":"post","link":"https:\/\/www.comunicatur.info\/es\/como-cambiaran-las-reserves-de-viajes-para-el-verano-de-2021\/","title":{"rendered":"\u00bfC\u00f3mo cambiar\u00e1n las reserves de viajes para el verano de 2021?"},"content":{"rendered":"<p>Es dif\u00edcil acertar con las previsiones de futuro, pero una de las inc\u00f3gnitas para el sector del turismo es conocer c\u00f3mo se comportar\u00e1 la demanda tras la Covid-19.<!--more--><\/p>\n<figure id=\"attachment_15516\" aria-describedby=\"caption-attachment-15516\" style=\"width: 300px\" class=\"wp-caption alignright\"><img class=\"size-medium wp-image-15516\" src=\"https:\/\/www.comunicatur.info\/wp-content\/uploads\/2020\/08\/@travelmole-300x209.jpg\" alt=\"\" width=\"300\" height=\"209\" srcset=\"https:\/\/www.comunicatur.info\/wp-content\/uploads\/2020\/08\/@travelmole-300x209.jpg 300w, https:\/\/www.comunicatur.info\/wp-content\/uploads\/2020\/08\/@travelmole-600x417.jpg 600w, https:\/\/www.comunicatur.info\/wp-content\/uploads\/2020\/08\/@travelmole.jpg 640w\" sizes=\"(max-width: 300px) 100vw, 300px\" \/><figcaption id=\"caption-attachment-15516\" class=\"wp-caption-text\">Foto @travelmole<\/figcaption><\/figure>\n<p>Una de las cosas que est\u00e1n bastante claras es que hay ganas de viajar. Quiz\u00e1s el distanciamiento social ser\u00e1 un imperativo, los est\u00e1ndares de seguridad sanitaria u otros elementos ser\u00e1n los que reclamar\u00e1n los viajeros.<\/p>\n<p>@travelmole se aventura a dar algunas ideas en la informaci\u00f3n <a href=\"https:\/\/www.travelmole.com\/news_feature.php?news_id=2043756\" target=\"_blank\" rel=\"noopener noreferrer\">How travel bookings will change for summer 2021<\/a><\/p>\n","protected":false},"excerpt":{"rendered":"<p>Es dif\u00edcil acertar con las previsiones de futuro, pero una de las inc\u00f3gnitas para el sector del turismo es conocer c\u00f3mo se comportar\u00e1 la demanda tras la Covid-19. Una de las cosas que est\u00e1n bastante claras es que hay ganas de viajar. Quiz\u00e1s el distanciamiento social ser\u00e1 un imperativo, los est\u00e1ndares de seguridad sanitaria u &hellip;<\/p>\n","protected":false},"author":408,"featured_media":0,"comment_status":"closed","ping_status":"open","sticky":false,"template":"","format":"standard","meta":[],"categories":[74,64],"tags":[],"_links":{"self":[{"href":"https:\/\/www.comunicatur.info\/es\/wp-json\/wp\/v2\/posts\/15519"}],"collection":[{"href":"https:\/\/www.comunicatur.info\/es\/wp-json\/wp\/v2\/posts"}],"about":[{"href":"https:\/\/www.comunicatur.info\/es\/wp-json\/wp\/v2\/types\/post"}],"author":[{"embeddable":true,"href":"https:\/\/www.comunicatur.info\/es\/wp-json\/wp\/v2\/users\/408"}],"replies":[{"embeddable":true,"href":"https:\/\/www.comunicatur.info\/es\/wp-json\/wp\/v2\/comments?post=15519"}],"version-history":[{"count":3,"href":"https:\/\/www.comunicatur.info\/es\/wp-json\/wp\/v2\/posts\/15519\/revisions"}],"predecessor-version":[{"id":15522,"href":"https:\/\/www.comunicatur.info\/es\/wp-json\/wp\/v2\/posts\/15519\/revisions\/15522"}],"wp:attachment":[{"href":"https:\/\/www.comunicatur.info\/es\/wp-json\/wp\/v2\/media?parent=15519"}],"wp:term":[{"taxonomy":"category","embeddable":true,"href":"https:\/\/www.comunicatur.info\/es\/wp-json\/wp\/v2\/categories?post=15519"},{"taxonomy":"post_tag","embeddable":true,"href":"https:\/\/www.comunicatur.info\/es\/wp-json\/wp\/v2\/tags?post=15519"}],"curies":[{"name":"wp","href":"https:\/\/api.w.org\/{rel}","templated":true}]}}