{"id":15475,"date":"2020-07-17T00:00:17","date_gmt":"2020-07-16T22:00:17","guid":{"rendered":"https:\/\/comunicatur.info\/?p=15475"},"modified":"2020-07-16T18:02:49","modified_gmt":"2020-07-16T16:02:49","slug":"la-ampolla-y-los-barrios-del-puerto-de-cambrils-y-del-serrallo-de-tarragona-reciben-el-distintivo-de-barrios-y-villas-marineras","status":"publish","type":"post","link":"https:\/\/www.comunicatur.info\/es\/la-ampolla-y-los-barrios-del-puerto-de-cambrils-y-del-serrallo-de-tarragona-reciben-el-distintivo-de-barrios-y-villas-marineras\/","title":{"rendered":"La Ampolla y los barrios del Puerto de Cambrils y del Serrallo de Tarragona, reciben el distintivo de Barrios y Villas Marineras"},"content":{"rendered":"<p>La Agencia Catalana de Turismo (ACT) ha otorgado tres nuevos distintivos de la marca Barrios y Villas Marineras, dirigida a las poblaciones y zonas litorales que conservan viva la cultura ligada al mar. La Ampolla y los barrios marineros certificados, el del Puerto de Cambrils y el del Serrallo de Tarragona, comparten una fuerte personalidad marcada por el car\u00e1cter hist\u00f3rico, la gastronom\u00eda, el paisaje y la promoci\u00f3n de eventos alrededor del mar.<!--more--><\/p>\n<p><img class=\"alignright size-medium wp-image-15471\" src=\"https:\/\/www.comunicatur.info\/wp-content\/uploads\/2020\/07\/Cambrils_mar_CostaDaurada-300x199.jpg\" alt=\"\" width=\"300\" height=\"199\" srcset=\"https:\/\/www.comunicatur.info\/wp-content\/uploads\/2020\/07\/Cambrils_mar_CostaDaurada-300x199.jpg 300w, https:\/\/www.comunicatur.info\/wp-content\/uploads\/2020\/07\/Cambrils_mar_CostaDaurada-768x509.jpg 768w, https:\/\/www.comunicatur.info\/wp-content\/uploads\/2020\/07\/Cambrils_mar_CostaDaurada-1024x679.jpg 1024w, https:\/\/www.comunicatur.info\/wp-content\/uploads\/2020\/07\/Cambrils_mar_CostaDaurada-600x398.jpg 600w\" sizes=\"(max-width: 300px) 100vw, 300px\" \/>Las tres nuevas certificaciones se a\u00f1aden a los municipios que ya luc\u00edan el distintivo: La Ametlla de Mar, Arenys de Mar, Begur, las Casas de Alcanar, la Escala, Llan\u00e7\u00e0, Palam\u00f3s, San Carlos de la R\u00e1pita, Sant Pol de Mar, Sitges, Tossa de mar y Vilanova y la Geltr\u00fa.<\/p>\n<p>Un comit\u00e9 de expertos, formado por reconocidos profesionales de diferentes \u00e1mbitos eval\u00faan y validan las solicitudes de acceso de las ciudades y pueblos que cumplen los requisitos para obtener alguna de estas certificaciones.<\/p>\n<p><img class=\"size-medium wp-image-15473 alignleft\" src=\"https:\/\/www.comunicatur.info\/wp-content\/uploads\/2020\/07\/Serralla_Tarragona_mar-300x200.jpg\" alt=\"\" width=\"300\" height=\"200\" srcset=\"https:\/\/www.comunicatur.info\/wp-content\/uploads\/2020\/07\/Serralla_Tarragona_mar-300x200.jpg 300w, https:\/\/www.comunicatur.info\/wp-content\/uploads\/2020\/07\/Serralla_Tarragona_mar-768x512.jpg 768w, https:\/\/www.comunicatur.info\/wp-content\/uploads\/2020\/07\/Serralla_Tarragona_mar-1024x682.jpg 1024w, https:\/\/www.comunicatur.info\/wp-content\/uploads\/2020\/07\/Serralla_Tarragona_mar-600x400.jpg 600w, https:\/\/www.comunicatur.info\/wp-content\/uploads\/2020\/07\/Serralla_Tarragona_mar.jpg 1181w\" sizes=\"(max-width: 300px) 100vw, 300px\" \/>El director de la Agencia Catalana de Turismo, David Font ha declarado que <em>\u00abcon estas distinciones queremos reconocer la labor que se hace desde estos territorios en favor de las tradiciones, del paisaje, de la cultura y de la historia manteniendo y potenciando la mirada marinera que los hace singulares. Estos barrios y estas villas marineras convierten en elementos que aportan a Catalu\u00f1a calidad, identidad y notoriedad, en l\u00ednea con lo que marcan los dos instrumentos con que el Govern pone en valor nuestro sector tur\u00edstico: el Plan estrat\u00e9gico de turismo de Catalu\u00f1a y el Plan de marketing \u00ab.<\/em><\/p>\n","protected":false},"excerpt":{"rendered":"<p>La Agencia Catalana de Turismo (ACT) ha otorgado tres nuevos distintivos de la marca Barrios y Villas Marineras, dirigida a las poblaciones y zonas litorales que conservan viva la cultura ligada al mar. La Ampolla y los barrios marineros certificados, el del Puerto de Cambrils y el del Serrallo de Tarragona, comparten una fuerte personalidad &hellip;<\/p>\n","protected":false},"author":408,"featured_media":0,"comment_status":"closed","ping_status":"open","sticky":false,"template":"","format":"standard","meta":[],"categories":[62],"tags":[],"_links":{"self":[{"href":"https:\/\/www.comunicatur.info\/es\/wp-json\/wp\/v2\/posts\/15475"}],"collection":[{"href":"https:\/\/www.comunicatur.info\/es\/wp-json\/wp\/v2\/posts"}],"about":[{"href":"https:\/\/www.comunicatur.info\/es\/wp-json\/wp\/v2\/types\/post"}],"author":[{"embeddable":true,"href":"https:\/\/www.comunicatur.info\/es\/wp-json\/wp\/v2\/users\/408"}],"replies":[{"embeddable":true,"href":"https:\/\/www.comunicatur.info\/es\/wp-json\/wp\/v2\/comments?post=15475"}],"version-history":[{"count":1,"href":"https:\/\/www.comunicatur.info\/es\/wp-json\/wp\/v2\/posts\/15475\/revisions"}],"predecessor-version":[{"id":15476,"href":"https:\/\/www.comunicatur.info\/es\/wp-json\/wp\/v2\/posts\/15475\/revisions\/15476"}],"wp:attachment":[{"href":"https:\/\/www.comunicatur.info\/es\/wp-json\/wp\/v2\/media?parent=15475"}],"wp:term":[{"taxonomy":"category","embeddable":true,"href":"https:\/\/www.comunicatur.info\/es\/wp-json\/wp\/v2\/categories?post=15475"},{"taxonomy":"post_tag","embeddable":true,"href":"https:\/\/www.comunicatur.info\/es\/wp-json\/wp\/v2\/tags?post=15475"}],"curies":[{"name":"wp","href":"https:\/\/api.w.org\/{rel}","templated":true}]}}