{"id":15411,"date":"2020-07-06T16:26:13","date_gmt":"2020-07-06T14:26:13","guid":{"rendered":"https:\/\/comunicatur.info\/?p=15411"},"modified":"2020-07-06T16:26:13","modified_gmt":"2020-07-06T14:26:13","slug":"los-turistas-en-turquia-deberan-ponerse-la-mascarilla-en-playas-y-parques-o-pagar-una-multa-de-100-libras","status":"publish","type":"post","link":"https:\/\/www.comunicatur.info\/es\/los-turistas-en-turquia-deberan-ponerse-la-mascarilla-en-playas-y-parques-o-pagar-una-multa-de-100-libras\/","title":{"rendered":"Los turistas en Turqu\u00eda deber\u00e1n ponerse la mascarilla en playas y parques o pagar una multa de 100 libras"},"content":{"rendered":"<p>Aquellos que deseen pasar sus vacaciones en Turqu\u00eda este a\u00f1o tendr\u00e1n que acordarse de llevar su mascarilla, o podr\u00edan terminar enfrent\u00e1ndose a una multa de \u00a3100. Las normas son estrictas en todos los destinos vacacionales del pa\u00eds como Estambul, Marmaris o la Capadocia.<!--more--><\/p>\n<p>Informaci\u00f3n de @TelegraphTravel: <a href=\"https:\/\/www.telegraph.co.uk\/travel\/destinations\/europe\/turkey\/articles\/turkey-tourists-must-wear-face-masks\/?utm_content=travel&amp;utm_medium=Social&amp;utm_campaign=Echobox&amp;utm_source=Twitter#Echobox=1592924973\" target=\"_blank\" rel=\"noopener noreferrer\">Visitors to Turkey must wear face masks on beaches and in parks \u2013 or pay \u00a3100 fine<\/a><\/p>\n<p><img class=\"size-medium wp-image-11841 aligncenter\" src=\"https:\/\/www.comunicatur.info\/wp-content\/uploads\/2018\/03\/turkey_coast-costa_turquia-300x167.jpg\" alt=\"\" width=\"300\" height=\"167\" srcset=\"https:\/\/www.comunicatur.info\/wp-content\/uploads\/2018\/03\/turkey_coast-costa_turquia-300x167.jpg 300w, https:\/\/www.comunicatur.info\/wp-content\/uploads\/2018\/03\/turkey_coast-costa_turquia-768x429.jpg 768w, https:\/\/www.comunicatur.info\/wp-content\/uploads\/2018\/03\/turkey_coast-costa_turquia-1024x571.jpg 1024w, https:\/\/www.comunicatur.info\/wp-content\/uploads\/2018\/03\/turkey_coast-costa_turquia-600x335.jpg 600w, https:\/\/www.comunicatur.info\/wp-content\/uploads\/2018\/03\/turkey_coast-costa_turquia.jpg 1136w\" sizes=\"(max-width: 300px) 100vw, 300px\" \/><\/p>\n","protected":false},"excerpt":{"rendered":"<p>Aquellos que deseen pasar sus vacaciones en Turqu\u00eda este a\u00f1o tendr\u00e1n que acordarse de llevar su mascarilla, o podr\u00edan terminar enfrent\u00e1ndose a una multa de \u00a3100. Las normas son estrictas en todos los destinos vacacionales del pa\u00eds como Estambul, Marmaris o la Capadocia. Informaci\u00f3n de @TelegraphTravel: Visitors to Turkey must wear face masks on beaches &hellip;<\/p>\n","protected":false},"author":408,"featured_media":0,"comment_status":"closed","ping_status":"open","sticky":false,"template":"","format":"standard","meta":[],"categories":[62,64],"tags":[],"_links":{"self":[{"href":"https:\/\/www.comunicatur.info\/es\/wp-json\/wp\/v2\/posts\/15411"}],"collection":[{"href":"https:\/\/www.comunicatur.info\/es\/wp-json\/wp\/v2\/posts"}],"about":[{"href":"https:\/\/www.comunicatur.info\/es\/wp-json\/wp\/v2\/types\/post"}],"author":[{"embeddable":true,"href":"https:\/\/www.comunicatur.info\/es\/wp-json\/wp\/v2\/users\/408"}],"replies":[{"embeddable":true,"href":"https:\/\/www.comunicatur.info\/es\/wp-json\/wp\/v2\/comments?post=15411"}],"version-history":[{"count":1,"href":"https:\/\/www.comunicatur.info\/es\/wp-json\/wp\/v2\/posts\/15411\/revisions"}],"predecessor-version":[{"id":15412,"href":"https:\/\/www.comunicatur.info\/es\/wp-json\/wp\/v2\/posts\/15411\/revisions\/15412"}],"wp:attachment":[{"href":"https:\/\/www.comunicatur.info\/es\/wp-json\/wp\/v2\/media?parent=15411"}],"wp:term":[{"taxonomy":"category","embeddable":true,"href":"https:\/\/www.comunicatur.info\/es\/wp-json\/wp\/v2\/categories?post=15411"},{"taxonomy":"post_tag","embeddable":true,"href":"https:\/\/www.comunicatur.info\/es\/wp-json\/wp\/v2\/tags?post=15411"}],"curies":[{"name":"wp","href":"https:\/\/api.w.org\/{rel}","templated":true}]}}