{"id":15235,"date":"2020-06-23T00:00:02","date_gmt":"2020-06-22T22:00:02","guid":{"rendered":"https:\/\/comunicatur.info\/?p=15235"},"modified":"2020-06-22T16:25:36","modified_gmt":"2020-06-22T14:25:36","slug":"abren-las-fronteras-interiores-del-espacio-schengen-despues-de-tres-meses-cerradas","status":"publish","type":"post","link":"https:\/\/www.comunicatur.info\/es\/abren-las-fronteras-interiores-del-espacio-schengen-despues-de-tres-meses-cerradas\/","title":{"rendered":"Abren las fronteras interiores del espacio Schengen despu\u00e9s de tres meses cerradas"},"content":{"rendered":"<p>Se han levantado las fronteras interiores terrestres, a\u00e9reas, mar\u00edtimas y ferroviarias de la Uni\u00f3n Europea -espacio Schengen-, incluido el Reino Unido, despu\u00e9s de tres meses de estado de alarma.<!--more--><\/p>\n<p><img class=\"alignright size-medium wp-image-15229\" src=\"https:\/\/www.comunicatur.info\/wp-content\/uploads\/2020\/06\/frontera-4-300x173.jpg\" alt=\"\" width=\"300\" height=\"173\" srcset=\"https:\/\/www.comunicatur.info\/wp-content\/uploads\/2020\/06\/frontera-4-300x173.jpg 300w, https:\/\/www.comunicatur.info\/wp-content\/uploads\/2020\/06\/frontera-4.jpg 395w\" sizes=\"(max-width: 300px) 100vw, 300px\" \/>Han sido casi 100 d\u00edas de excepcionalidad con la incomunicaci\u00f3n entre estados y con la eliminaci\u00f3n de la movilidad de personas, elemento clave para el turismo.<\/p>\n<p>Las cuarentenas desaparecen y se da una primera oportunidad a los viajes, aunque s\u00f3lo para las fronteras interiores. Los vuelos comienzan a funcionar, pero muy lejos de la actividad normal. En la reanudaci\u00f3n no se llega al 10% de las operaciones habituales en un mes de junio.<\/p>\n<p>Las previsiones son muy negativas. Poco turismo, muy poco, comparado con un per\u00edodo de vacaciones habitual. Esto significa baja facturaci\u00f3n, p\u00e9rdida de puestos de trabajo y crisis prolongada en el sector tur\u00edstico.<\/p>\n","protected":false},"excerpt":{"rendered":"<p>Se han levantado las fronteras interiores terrestres, a\u00e9reas, mar\u00edtimas y ferroviarias de la Uni\u00f3n Europea -espacio Schengen-, incluido el Reino Unido, despu\u00e9s de tres meses de estado de alarma. Han sido casi 100 d\u00edas de excepcionalidad con la incomunicaci\u00f3n entre estados y con la eliminaci\u00f3n de la movilidad de personas, elemento clave para el turismo. &hellip;<\/p>\n","protected":false},"author":408,"featured_media":0,"comment_status":"closed","ping_status":"open","sticky":false,"template":"","format":"standard","meta":[],"categories":[59,66,62],"tags":[],"_links":{"self":[{"href":"https:\/\/www.comunicatur.info\/es\/wp-json\/wp\/v2\/posts\/15235"}],"collection":[{"href":"https:\/\/www.comunicatur.info\/es\/wp-json\/wp\/v2\/posts"}],"about":[{"href":"https:\/\/www.comunicatur.info\/es\/wp-json\/wp\/v2\/types\/post"}],"author":[{"embeddable":true,"href":"https:\/\/www.comunicatur.info\/es\/wp-json\/wp\/v2\/users\/408"}],"replies":[{"embeddable":true,"href":"https:\/\/www.comunicatur.info\/es\/wp-json\/wp\/v2\/comments?post=15235"}],"version-history":[{"count":1,"href":"https:\/\/www.comunicatur.info\/es\/wp-json\/wp\/v2\/posts\/15235\/revisions"}],"predecessor-version":[{"id":15236,"href":"https:\/\/www.comunicatur.info\/es\/wp-json\/wp\/v2\/posts\/15235\/revisions\/15236"}],"wp:attachment":[{"href":"https:\/\/www.comunicatur.info\/es\/wp-json\/wp\/v2\/media?parent=15235"}],"wp:term":[{"taxonomy":"category","embeddable":true,"href":"https:\/\/www.comunicatur.info\/es\/wp-json\/wp\/v2\/categories?post=15235"},{"taxonomy":"post_tag","embeddable":true,"href":"https:\/\/www.comunicatur.info\/es\/wp-json\/wp\/v2\/tags?post=15235"}],"curies":[{"name":"wp","href":"https:\/\/api.w.org\/{rel}","templated":true}]}}