{"id":15204,"date":"2020-06-22T13:32:22","date_gmt":"2020-06-22T11:32:22","guid":{"rendered":"https:\/\/comunicatur.info\/?p=15204"},"modified":"2020-06-22T16:55:22","modified_gmt":"2020-06-22T14:55:22","slug":"vuelve-el-turismo-tocado-e-inmerso-en-una-profunda-reflexion","status":"publish","type":"post","link":"https:\/\/www.comunicatur.info\/es\/vuelve-el-turismo-tocado-e-inmerso-en-una-profunda-reflexion\/","title":{"rendered":"Vuelve el turismo, tocado e inmerso en una profunda reflexi\u00f3n"},"content":{"rendered":"<p>El turismo desapareci\u00f3 con el inicio del estado de alarma establecido en Espa\u00f1a. Comenz\u00f3 el periodo m\u00e1s complicado para el sector tur\u00edstico que se recuerda.<!--more--><\/p>\n<p><img class=\"alignright size-medium wp-image-13913\" src=\"https:\/\/www.comunicatur.info\/wp-content\/uploads\/2019\/06\/turistes-300x225.jpg\" alt=\"\" width=\"300\" height=\"225\" srcset=\"https:\/\/www.comunicatur.info\/wp-content\/uploads\/2019\/06\/turistes-300x225.jpg 300w, https:\/\/www.comunicatur.info\/wp-content\/uploads\/2019\/06\/turistes-768x576.jpg 768w, https:\/\/www.comunicatur.info\/wp-content\/uploads\/2019\/06\/turistes-1024x768.jpg 1024w, https:\/\/www.comunicatur.info\/wp-content\/uploads\/2019\/06\/turistes-600x450.jpg 600w, https:\/\/www.comunicatur.info\/wp-content\/uploads\/2019\/06\/turistes.jpg 2016w\" sizes=\"(max-width: 300px) 100vw, 300px\" \/>Como el conjunto del sector, Comunicatur vuelve a ponerse en marcha. No hemos sido ajenos a la pandemia, pero ahora, como el resto del sector, nos toca levantar el vuelo y acompa\u00f1ar a los profesionales del sector y la actividad tur\u00edstica. Inmersos en una profunda reflexi\u00f3n es momento de reanudaci\u00f3n, momento de nueva normalidad, momento de volver &#8230; Veremos si nada ser\u00e1 igual a partir de ahora.<\/p>\n","protected":false},"excerpt":{"rendered":"<p>El turismo desapareci\u00f3 con el inicio del estado de alarma establecido en Espa\u00f1a. Comenz\u00f3 el periodo m\u00e1s complicado para el sector tur\u00edstico que se recuerda. Como el conjunto del sector, Comunicatur vuelve a ponerse en marcha. No hemos sido ajenos a la pandemia, pero ahora, como el resto del sector, nos toca levantar el vuelo &hellip;<\/p>\n","protected":false},"author":408,"featured_media":0,"comment_status":"closed","ping_status":"open","sticky":false,"template":"","format":"standard","meta":[],"categories":[61],"tags":[],"_links":{"self":[{"href":"https:\/\/www.comunicatur.info\/es\/wp-json\/wp\/v2\/posts\/15204"}],"collection":[{"href":"https:\/\/www.comunicatur.info\/es\/wp-json\/wp\/v2\/posts"}],"about":[{"href":"https:\/\/www.comunicatur.info\/es\/wp-json\/wp\/v2\/types\/post"}],"author":[{"embeddable":true,"href":"https:\/\/www.comunicatur.info\/es\/wp-json\/wp\/v2\/users\/408"}],"replies":[{"embeddable":true,"href":"https:\/\/www.comunicatur.info\/es\/wp-json\/wp\/v2\/comments?post=15204"}],"version-history":[{"count":2,"href":"https:\/\/www.comunicatur.info\/es\/wp-json\/wp\/v2\/posts\/15204\/revisions"}],"predecessor-version":[{"id":15206,"href":"https:\/\/www.comunicatur.info\/es\/wp-json\/wp\/v2\/posts\/15204\/revisions\/15206"}],"wp:attachment":[{"href":"https:\/\/www.comunicatur.info\/es\/wp-json\/wp\/v2\/media?parent=15204"}],"wp:term":[{"taxonomy":"category","embeddable":true,"href":"https:\/\/www.comunicatur.info\/es\/wp-json\/wp\/v2\/categories?post=15204"},{"taxonomy":"post_tag","embeddable":true,"href":"https:\/\/www.comunicatur.info\/es\/wp-json\/wp\/v2\/tags?post=15204"}],"curies":[{"name":"wp","href":"https:\/\/api.w.org\/{rel}","templated":true}]}}