{"id":15106,"date":"2020-02-21T00:00:20","date_gmt":"2020-02-20T22:00:20","guid":{"rendered":"https:\/\/comunicatur.info\/?p=15106"},"modified":"2020-02-19T11:29:48","modified_gmt":"2020-02-19T09:29:48","slug":"infodemia-el-nuevo-virus-letal-que-afecta-al-turismo","status":"publish","type":"post","link":"https:\/\/www.comunicatur.info\/es\/infodemia-el-nuevo-virus-letal-que-afecta-al-turismo\/","title":{"rendered":"Infodemia, el nuevo virus letal que afecta al turismo"},"content":{"rendered":"<p>El coronavirus o Covid-19 se ha convertido en <strong>la primera infodemia de repercusi\u00f3n catastr\u00f3fica<\/strong>. Las redes sociales se han transformado en una lanzadera de informaci\u00f3n y desinformaci\u00f3n en todo el mundo, que han circulado a unas velocidades sin precedentes, <strong>alimentando el p\u00e1nico, el racismo<\/strong>\u2026 y <strong>perjudicando gravemente al turismo<\/strong>.<!--more--><\/p>\n<p><img class=\"alignright size-medium wp-image-15103\" src=\"https:\/\/www.comunicatur.info\/wp-content\/uploads\/2020\/02\/infodemia-300x168.jpg\" alt=\"\" width=\"300\" height=\"168\" srcset=\"https:\/\/www.comunicatur.info\/wp-content\/uploads\/2020\/02\/infodemia-300x168.jpg 300w, https:\/\/www.comunicatur.info\/wp-content\/uploads\/2020\/02\/infodemia-768x430.jpg 768w, https:\/\/www.comunicatur.info\/wp-content\/uploads\/2020\/02\/infodemia-600x336.jpg 600w, https:\/\/www.comunicatur.info\/wp-content\/uploads\/2020\/02\/infodemia.jpg 968w\" sizes=\"(max-width: 300px) 100vw, 300px\" \/>\u2014No existen motivos de preocupaci\u00f3n \u2014dijo Maria Luisa Carcedo, ministra de sanidad \u2014. Recomendamos seguir adelante con la celebraci\u00f3n del Mobile World Congress en Barcelona.<\/p>\n<p>Pero no, esta fue la primera vez que <a href=\"http:\/\/www.rtve.es\/noticias\/20200214\/gobierno-ve-incomprensible-cancelacion-del-mobile-world-congress-coronavirus-mientras-se-mantienen-otras-ferias\/2001301.shtml\" target=\"_blank\" rel=\"noopener\">no hicimos caso a \u201cnuestro m\u00e9dico\u201d<\/a>. Pudo el p\u00e1nico generado a trav\u00e9s de la cantidad de desinformaci\u00f3n que circula por las redes sociales sobre la evoluci\u00f3n del Covid-19, y esta ya ha supuesto la <strong>cancelaci\u00f3n del Mobile World Congress<\/strong>, el evento que iba a proporcionar al turismo MICE de la ciudad de Barcelona unos ingresos de <strong>477 millones de euros<\/strong>.<\/p>\n<h3>Ni el primero ni el \u00faltimo.<\/h3>\n<p>No, este no ser\u00e1 ni el primer ni el \u00faltimo brote v\u00edrico al que nos enfrentaremos. Adem\u00e1s, el futuro tambi\u00e9n nos depara otros sucesos como ataques terroristas, desgracias naturales y otros, que se convertir\u00e1n en carne de asado para un creciente<strong> apetito de sensacionalismo<\/strong> que proporcionen m\u00e1s <em>ckickbaits<\/em> por parte de algunos medios de comunicaci\u00f3n, o incluso <strong>estrategias pol\u00edticas<\/strong> que aprovechan estas circunstancias en su propio beneficio. Algo que siempre ha existido y desgraciadamente existir\u00e1.<\/p>\n<p>De hecho, tras la cancelaci\u00f3n del Mobile, otros m\u00e1s de 100 pr\u00f3ximos grandes eventos comienzan a pender de un hilo. Y no solo eventos, <a href=\"https:\/\/www.dw.com\/es\/manifestaci%C3%B3n-en-suiza-contra-la-implantaci%C3%B3n-del-5g\/a-50532693\" target=\"_blank\" rel=\"noopener\">Suiza, por ejemplo, acaba de paralizar la instalaci\u00f3n de sus antenas 5G<\/a> debido a la histeria de parte de su poblaci\u00f3n.<\/p>\n<p>Parece que <strong>se abri\u00f3 la veda<\/strong>.<\/p>\n<h3>Redes Sociales, el f\u00f3sforo de la infodemia.<\/h3>\n<p><strong>Facebook<\/strong> ha estado trabajando estos \u00faltimos d\u00edas a contrarreloj intentando eliminar publicaciones de dudosos consejos sobre salud. Tencent, el propietario de <strong>WeChat<\/strong>, ha utilizado su plataforma de verificaci\u00f3n para intentar frenar los falsos rumores del coronavirus que circulan por su plataforma. Pero la gran avalancha de contenido y desinformaci\u00f3n <strong>ha vencido todos los esfuerzos<\/strong> coordinados para eliminar todo ese ruido.<\/p>\n<p>Memes racistas y difamaciones han proliferado en <strong>TikTok<\/strong> y <strong>Facebook<\/strong>. Algunos adolescentes incluso han simulado un diagn\u00f3stico de coronavirus para ganar m\u00e1s influencia en las redes sociales.<\/p>\n<p>Esta toxicidad en l\u00ednea tambi\u00e9n se ha extrapolado a las interacciones entre personas. Los asi\u00e1ticos se han enfrentado abiertamente al <strong>racismo y el acoso<\/strong>, los barrios y restaurantes chinos han visto <strong>perjudicados seriamente sus negocios<\/strong>. Justo ayer escuchaba en la radio el relato del portavoz de la comunidad de wuhanenses afincados en Manchester, ciudad hermanada con Wuham, como un peque\u00f1o grupo de estudiantes increpaban a su hija de 10 a\u00f1os con mensajes amenazadores y recriminaciones para que no saliera de su casa.<\/p>\n<h3>Y \u00bfAhora qu\u00e9?<\/h3>\n<p>Esta situaci\u00f3n ha de ser un <strong>punto de inflexi\u00f3n para replantear nuestro futuro<\/strong>, nuestras estrategias en cuanto a turismo se refiere. Hemos visto c\u00f3mo las grandes plataformas sociales han sucumbido a la desinformaci\u00f3n y no han podido frenar una histeria global basada en el <strong>miedo emocional y poco racional<\/strong>.<\/p>\n<p><img class=\"alignright size-full wp-image-15104\" src=\"https:\/\/www.comunicatur.info\/wp-content\/uploads\/2020\/02\/RafaeldeJorge.jpg\" alt=\"\" width=\"284\" height=\"122\" \/>Aprendamos de los errores y estemos preparados\/as para una segunda, tercera y cuarta oleada. Hemos de <strong>trabajar un un plan de acci\u00f3n ante una crisis de desinformaci\u00f3n<\/strong>, basado en el conocimiento y la correcta informaci\u00f3n. Al final es una cuesti\u00f3n de combatir el miedo a lo desconocido y esto solo se podr\u00e1 conseguir con una buena explicaci\u00f3n.<\/p>\n<p>Y reflexiona sobre qu\u00e9 est\u00e1 siendo m\u00e1s letal, el coronavirus o el p\u00e1nico global.<\/p>\n","protected":false},"excerpt":{"rendered":"<p>El coronavirus o Covid-19 se ha convertido en la primera infodemia de repercusi\u00f3n catastr\u00f3fica. Las redes sociales se han transformado en una lanzadera de informaci\u00f3n y desinformaci\u00f3n en todo el mundo, que han circulado a unas velocidades sin precedentes, alimentando el p\u00e1nico, el racismo\u2026 y perjudicando gravemente al turismo. \u2014No existen motivos de preocupaci\u00f3n \u2014dijo &hellip;<\/p>\n","protected":false},"author":408,"featured_media":0,"comment_status":"closed","ping_status":"open","sticky":false,"template":"","format":"standard","meta":[],"categories":[73],"tags":[],"_links":{"self":[{"href":"https:\/\/www.comunicatur.info\/es\/wp-json\/wp\/v2\/posts\/15106"}],"collection":[{"href":"https:\/\/www.comunicatur.info\/es\/wp-json\/wp\/v2\/posts"}],"about":[{"href":"https:\/\/www.comunicatur.info\/es\/wp-json\/wp\/v2\/types\/post"}],"author":[{"embeddable":true,"href":"https:\/\/www.comunicatur.info\/es\/wp-json\/wp\/v2\/users\/408"}],"replies":[{"embeddable":true,"href":"https:\/\/www.comunicatur.info\/es\/wp-json\/wp\/v2\/comments?post=15106"}],"version-history":[{"count":1,"href":"https:\/\/www.comunicatur.info\/es\/wp-json\/wp\/v2\/posts\/15106\/revisions"}],"predecessor-version":[{"id":15107,"href":"https:\/\/www.comunicatur.info\/es\/wp-json\/wp\/v2\/posts\/15106\/revisions\/15107"}],"wp:attachment":[{"href":"https:\/\/www.comunicatur.info\/es\/wp-json\/wp\/v2\/media?parent=15106"}],"wp:term":[{"taxonomy":"category","embeddable":true,"href":"https:\/\/www.comunicatur.info\/es\/wp-json\/wp\/v2\/categories?post=15106"},{"taxonomy":"post_tag","embeddable":true,"href":"https:\/\/www.comunicatur.info\/es\/wp-json\/wp\/v2\/tags?post=15106"}],"curies":[{"name":"wp","href":"https:\/\/api.w.org\/{rel}","templated":true}]}}