{"id":15088,"date":"2020-02-17T00:00:57","date_gmt":"2020-02-16T22:00:57","guid":{"rendered":"https:\/\/comunicatur.info\/?p=15088"},"modified":"2020-02-16T01:49:17","modified_gmt":"2020-02-15T23:49:17","slug":"propuesta-de-choque-para-hacer-frente-la-perdida-de-los-500-millones-del-mobile","status":"publish","type":"post","link":"https:\/\/www.comunicatur.info\/es\/propuesta-de-choque-para-hacer-frente-la-perdida-de-los-500-millones-del-mobile\/","title":{"rendered":"Propuesta de choque para hacer frente a la p\u00e9rdida de los 500 millones del Mobile"},"content":{"rendered":"<p>Para paliar el impacto de la cancelaci\u00f3n del Mobile World Congress (MWC) el sector de la ciudad de Barcelona prepara un programa ofertas durante la semana del 24 al 27 de febrero, cuando estaba previsto que se celebrara el congreso.<!--more--><\/p>\n<p><img class=\"alignright size-medium wp-image-15086\" src=\"https:\/\/www.comunicatur.info\/wp-content\/uploads\/2020\/02\/reunio_AjuntamentBarcelona-300x169.jpg\" alt=\"\" width=\"300\" height=\"169\" srcset=\"https:\/\/www.comunicatur.info\/wp-content\/uploads\/2020\/02\/reunio_AjuntamentBarcelona-300x169.jpg 300w, https:\/\/www.comunicatur.info\/wp-content\/uploads\/2020\/02\/reunio_AjuntamentBarcelona-600x338.jpg 600w, https:\/\/www.comunicatur.info\/wp-content\/uploads\/2020\/02\/reunio_AjuntamentBarcelona.jpg 760w\" sizes=\"(max-width: 300px) 100vw, 300px\" \/>El Mobile aportaba a la ciudad unos 500 millones de euros y m\u00e1s de 14.000 puestos de trabajo, y por ello el Ayuntamiento de Barcelona, \u200b\u200bjunto al sector tur\u00edstico y empresarial ha anunciado varias propuestas de choque para hacer frente a las p\u00e9rdidas. El primer teniente de alcald\u00eda, Jaume Collboni, ha explicado que ponen en marcha la iniciativa \u00abBarcelona Opportunity Week\u00bb, descuentos ofrecidos por el sector servicios: propuestas gastron\u00f3micas, culturales, hoteleras &#8230;<\/p>\n<p>Los diferentes sectores y operadores crear\u00e1n y lanzar\u00e1n ofertas para intentar retener aquellos visitantes que ten\u00edan previsto llegar a la capital por el MWC y tambi\u00e9n atraer a nuevos clientes. Es la respuesta para mantener la actividad durante los d\u00edas que deb\u00eda durar el congreso.<\/p>\n<p>Adem\u00e1s, Collboni quiere que se mantengan las actividades paralelas previstas en el MWC y que no se cancelen para evitar en lo posible las consecuencias negativas en la econom\u00eda de la ciudad. El Ayuntamiento est\u00e1 estudiando la posibilidad de organizar una feria tecnol\u00f3gica alternativa la semana del Mobile.<\/p>\n","protected":false},"excerpt":{"rendered":"<p>Para paliar el impacto de la cancelaci\u00f3n del Mobile World Congress (MWC) el sector de la ciudad de Barcelona prepara un programa ofertas durante la semana del 24 al 27 de febrero, cuando estaba previsto que se celebrara el congreso. El Mobile aportaba a la ciudad unos 500 millones de euros y m\u00e1s de 14.000 &hellip;<\/p>\n","protected":false},"author":408,"featured_media":0,"comment_status":"closed","ping_status":"open","sticky":false,"template":"","format":"standard","meta":[],"categories":[62],"tags":[],"_links":{"self":[{"href":"https:\/\/www.comunicatur.info\/es\/wp-json\/wp\/v2\/posts\/15088"}],"collection":[{"href":"https:\/\/www.comunicatur.info\/es\/wp-json\/wp\/v2\/posts"}],"about":[{"href":"https:\/\/www.comunicatur.info\/es\/wp-json\/wp\/v2\/types\/post"}],"author":[{"embeddable":true,"href":"https:\/\/www.comunicatur.info\/es\/wp-json\/wp\/v2\/users\/408"}],"replies":[{"embeddable":true,"href":"https:\/\/www.comunicatur.info\/es\/wp-json\/wp\/v2\/comments?post=15088"}],"version-history":[{"count":1,"href":"https:\/\/www.comunicatur.info\/es\/wp-json\/wp\/v2\/posts\/15088\/revisions"}],"predecessor-version":[{"id":15089,"href":"https:\/\/www.comunicatur.info\/es\/wp-json\/wp\/v2\/posts\/15088\/revisions\/15089"}],"wp:attachment":[{"href":"https:\/\/www.comunicatur.info\/es\/wp-json\/wp\/v2\/media?parent=15088"}],"wp:term":[{"taxonomy":"category","embeddable":true,"href":"https:\/\/www.comunicatur.info\/es\/wp-json\/wp\/v2\/categories?post=15088"},{"taxonomy":"post_tag","embeddable":true,"href":"https:\/\/www.comunicatur.info\/es\/wp-json\/wp\/v2\/tags?post=15088"}],"curies":[{"name":"wp","href":"https:\/\/api.w.org\/{rel}","templated":true}]}}