{"id":14938,"date":"2020-01-09T00:00:10","date_gmt":"2020-01-08T22:00:10","guid":{"rendered":"https:\/\/comunicatur.info\/?p=14938"},"modified":"2020-01-08T20:07:47","modified_gmt":"2020-01-08T18:07:47","slug":"colau-quiere-poner-limites-de-contaminacion-puerto-y-aeropuerto-de-barcelona","status":"publish","type":"post","link":"https:\/\/www.comunicatur.info\/es\/colau-quiere-poner-limites-de-contaminacion-puerto-y-aeropuerto-de-barcelona\/","title":{"rendered":"Colau quiere poner l\u00edmites de contaminaci\u00f3n a Puerto y Aeropuerto de Barcelona"},"content":{"rendered":"<p>El gobierno de la alcaldesa de Barcelona, \u200b\u200bAda Colau, est\u00e1 encabezando la lucha contra la contaminaci\u00f3n en la capital catalana. Ha puesto en marcha medidas de restricci\u00f3n del tr\u00e1fico de veh\u00edculos contaminantes desde el 1 de enero de 2020 y ahora quiere incidir sobre dos motores econ\u00f3micos esenciales como son el Puerto y el Aeropuerto de Barcelona.<!--more--><\/p>\n<p>Ambas infraestructuras tienen previsto ampliaciones para incrementar la operativa justo cuando el ayuntamiento quiere que reduzcan sus emisiones. Trasladar\u00e1 esta exigencia a las mesas conjuntas de gesti\u00f3n con las otras administraciones (Generalitat y el Estado) involucradas en el puerto y el aeropuerto.<\/p>\n<p>Es muy probable que durante el mes de enero el gobierno Colau decrete un estado de emergencia clim\u00e1tica en la ciudad por la alta contaminaci\u00f3n. Por ello, reclama a estas dos infraestructuras claves, que son las m\u00e1s contaminantes, que establezcan zonas de bajas emisiones.<\/p>\n<p>Parece que las medidas establecidas por el Consistorio sobre el veh\u00edculo privado son insuficientes para limitar la contaminaci\u00f3n. El Puerto de Barcelona es responsable de entre el 7% y el 8% de la contaminaci\u00f3n de la ciudad. En el caso del aeropuerto, el Ayuntamiento de Barcelona propondr\u00e1 eliminar las conexiones a\u00e9reas que tengan una alternativa ferroviaria, como por ejemplo la ruta entre Barcelona y Madrid.<\/p>\n","protected":false},"excerpt":{"rendered":"<p>El gobierno de la alcaldesa de Barcelona, \u200b\u200bAda Colau, est\u00e1 encabezando la lucha contra la contaminaci\u00f3n en la capital catalana. Ha puesto en marcha medidas de restricci\u00f3n del tr\u00e1fico de veh\u00edculos contaminantes desde el 1 de enero de 2020 y ahora quiere incidir sobre dos motores econ\u00f3micos esenciales como son el Puerto y el Aeropuerto &hellip;<\/p>\n","protected":false},"author":408,"featured_media":0,"comment_status":"closed","ping_status":"open","sticky":false,"template":"","format":"standard","meta":[],"categories":[65],"tags":[],"_links":{"self":[{"href":"https:\/\/www.comunicatur.info\/es\/wp-json\/wp\/v2\/posts\/14938"}],"collection":[{"href":"https:\/\/www.comunicatur.info\/es\/wp-json\/wp\/v2\/posts"}],"about":[{"href":"https:\/\/www.comunicatur.info\/es\/wp-json\/wp\/v2\/types\/post"}],"author":[{"embeddable":true,"href":"https:\/\/www.comunicatur.info\/es\/wp-json\/wp\/v2\/users\/408"}],"replies":[{"embeddable":true,"href":"https:\/\/www.comunicatur.info\/es\/wp-json\/wp\/v2\/comments?post=14938"}],"version-history":[{"count":1,"href":"https:\/\/www.comunicatur.info\/es\/wp-json\/wp\/v2\/posts\/14938\/revisions"}],"predecessor-version":[{"id":14939,"href":"https:\/\/www.comunicatur.info\/es\/wp-json\/wp\/v2\/posts\/14938\/revisions\/14939"}],"wp:attachment":[{"href":"https:\/\/www.comunicatur.info\/es\/wp-json\/wp\/v2\/media?parent=14938"}],"wp:term":[{"taxonomy":"category","embeddable":true,"href":"https:\/\/www.comunicatur.info\/es\/wp-json\/wp\/v2\/categories?post=14938"},{"taxonomy":"post_tag","embeddable":true,"href":"https:\/\/www.comunicatur.info\/es\/wp-json\/wp\/v2\/tags?post=14938"}],"curies":[{"name":"wp","href":"https:\/\/api.w.org\/{rel}","templated":true}]}}