{"id":14893,"date":"2019-12-20T00:00:13","date_gmt":"2019-12-19T22:00:13","guid":{"rendered":"https:\/\/comunicatur.info\/?p=14893"},"modified":"2019-12-14T23:41:48","modified_gmt":"2019-12-14T21:41:48","slug":"el-penedes-pone-en-marcha-la-red-de-autocaravanas-rv-que-consta-de-12-areas","status":"publish","type":"post","link":"https:\/\/www.comunicatur.info\/es\/el-penedes-pone-en-marcha-la-red-de-autocaravanas-rv-que-consta-de-12-areas\/","title":{"rendered":"El Pened\u00e8s pone en marcha la Red de Autocaravanas RV, que consta de 12 \u00e1reas"},"content":{"rendered":"<p>El Consorcio de Promoci\u00f3n Tur\u00edstica del Pened\u00e8s, con el soporte de la Diputaci\u00f3n de Barcelona, acaba de inaugurar en Sant Mart\u00ed Sarroca, la <strong>Red de \u00e1reas de autocaravanas RV Pened\u00e8s sites &amp; vineyards<\/strong>. Se trata de zonas de pernocta pensadas espec\u00edficamente para veh\u00edculos recreativos autocaravanas, campers y furgonetas. De aqu\u00ed las iniciales RV, que hacen referencia al ingl\u00e9s, <em>Recreational Vehicles<\/em>.<!--more--><\/p>\n<p><img class=\"alignright size-medium wp-image-14891\" src=\"https:\/\/www.comunicatur.info\/wp-content\/uploads\/2019\/12\/xarxaautocaravanes_altajpg-300x232.jpg\" alt=\"\" width=\"300\" height=\"232\" srcset=\"https:\/\/www.comunicatur.info\/wp-content\/uploads\/2019\/12\/xarxaautocaravanes_altajpg-300x232.jpg 300w, https:\/\/www.comunicatur.info\/wp-content\/uploads\/2019\/12\/xarxaautocaravanes_altajpg-768x594.jpg 768w, https:\/\/www.comunicatur.info\/wp-content\/uploads\/2019\/12\/xarxaautocaravanes_altajpg-1024x792.jpg 1024w, https:\/\/www.comunicatur.info\/wp-content\/uploads\/2019\/12\/xarxaautocaravanes_altajpg-600x464.jpg 600w, https:\/\/www.comunicatur.info\/wp-content\/uploads\/2019\/12\/xarxaautocaravanes_altajpg.jpg 1181w\" sizes=\"(max-width: 300px) 100vw, 300px\" \/>El objetivo es ofrecer un servicio al visitante que se desplaza en estos tipos de veh\u00edculos y que les permite conocer los pueblos de la red y sus alrededores, con todos los atractivos tur\u00edsticos que puedan ofrecer y potenciar la Destinaci\u00f3n Barcelona. Del mismo modo, se da un impulso al comercio local y fomenta la relaci\u00f3n entre los entes p\u00fablicos y el sector privado.<\/p>\n<p><strong>La red cuenta con 12 \u00e1reas situadas en 12 municipios diferentes<\/strong>, todas ellas de f\u00e1cil acceso desde v\u00edas principales como la AP-7, la N-340 o la C-15, as\u00ed como desde carreteras locales. Tambi\u00e9n se ha pensado en la posible conexi\u00f3n con la ciudad de Barcelona a trav\u00e9s de los transportes p\u00fablicos, como el servicio de autobuses o las Rodalies de Catalu\u00f1a.<\/p>\n<p>El proyecto naci\u00f3 en 2016, cuando el Consorcio de Promoci\u00f3n Tur\u00edstica del Pened\u00e8s consigui\u00f3 el soporte econ\u00f3mico de la Diputaci\u00f3n de Barcelona en el marco de la l\u00ednea de subvenciones Mesas de Concertaci\u00f3n. Adem\u00e1s de esta subvenci\u00f3n, los municipios participantes tambi\u00e9n han cofinanciado el proyecto, el coste del cual ha sido de unos 200.000 euros.<\/p>\n<p>Los 12 municipios que integran la red inicialmente son Vilafranca del Pened\u00e8s, Sant Sadurn\u00ed d\u2019Anoia, Torrelles de Foix, Sant Mart\u00ed Sarroca, Vilob\u00ed del Pened\u00e8s, Santa Margarida i els Monjos, Subirats, Sant Cugat de Sesgarrigues, Mediona, Sant Pere de Riudebitlles, Sant Quint\u00ed de Mediona y el Pla del Pened\u00e8s.<\/p>\n<p>En el acto inaugural de Sant Mart\u00ed Sarroca participaron el diputado de Turismo de la Diputaci\u00f3n de Barcelona, Juan Luis Ruiz; el presidente del Consell Comarcal del Alt Pened\u00e8s, F. Xavier Lluch; el presidente del Consorcio de Promoci\u00f3n Tur\u00edstica del Pened\u00e8s, Ramon Riera y alcaldes y concejales de los municipios que forman parte de esta red.<\/p>\n<p>Para conocer d\u00f3nde se encuentran exactamente estas zonas, los Servicios que ofrecen y las normes de uso, <a href=\"https:\/\/www.enoturismepenedes.cat\/es\/rv-penedes-sites-vineyards\" target=\"_blank\" rel=\"noopener\"><em>clicad aqu\u00ed.<\/em><\/a><\/p>\n","protected":false},"excerpt":{"rendered":"<p>El Consorcio de Promoci\u00f3n Tur\u00edstica del Pened\u00e8s, con el soporte de la Diputaci\u00f3n de Barcelona, acaba de inaugurar en Sant Mart\u00ed Sarroca, la Red de \u00e1reas de autocaravanas RV Pened\u00e8s sites &amp; vineyards. Se trata de zonas de pernocta pensadas espec\u00edficamente para veh\u00edculos recreativos autocaravanas, campers y furgonetas. De aqu\u00ed las iniciales RV, que hacen &hellip;<\/p>\n","protected":false},"author":408,"featured_media":0,"comment_status":"closed","ping_status":"open","sticky":false,"template":"","format":"standard","meta":[],"categories":[62,59],"tags":[],"_links":{"self":[{"href":"https:\/\/www.comunicatur.info\/es\/wp-json\/wp\/v2\/posts\/14893"}],"collection":[{"href":"https:\/\/www.comunicatur.info\/es\/wp-json\/wp\/v2\/posts"}],"about":[{"href":"https:\/\/www.comunicatur.info\/es\/wp-json\/wp\/v2\/types\/post"}],"author":[{"embeddable":true,"href":"https:\/\/www.comunicatur.info\/es\/wp-json\/wp\/v2\/users\/408"}],"replies":[{"embeddable":true,"href":"https:\/\/www.comunicatur.info\/es\/wp-json\/wp\/v2\/comments?post=14893"}],"version-history":[{"count":1,"href":"https:\/\/www.comunicatur.info\/es\/wp-json\/wp\/v2\/posts\/14893\/revisions"}],"predecessor-version":[{"id":14894,"href":"https:\/\/www.comunicatur.info\/es\/wp-json\/wp\/v2\/posts\/14893\/revisions\/14894"}],"wp:attachment":[{"href":"https:\/\/www.comunicatur.info\/es\/wp-json\/wp\/v2\/media?parent=14893"}],"wp:term":[{"taxonomy":"category","embeddable":true,"href":"https:\/\/www.comunicatur.info\/es\/wp-json\/wp\/v2\/categories?post=14893"},{"taxonomy":"post_tag","embeddable":true,"href":"https:\/\/www.comunicatur.info\/es\/wp-json\/wp\/v2\/tags?post=14893"}],"curies":[{"name":"wp","href":"https:\/\/api.w.org\/{rel}","templated":true}]}}