{"id":14776,"date":"2019-12-09T00:00:10","date_gmt":"2019-12-08T22:00:10","guid":{"rendered":"https:\/\/comunicatur.info\/?p=14776"},"modified":"2019-12-01T14:33:14","modified_gmt":"2019-12-01T12:33:14","slug":"el-maresme-destino-de-cine","status":"publish","type":"post","link":"https:\/\/www.comunicatur.info\/es\/el-maresme-destino-de-cine\/","title":{"rendered":"El Maresme, destino de cine"},"content":{"rendered":"<figure id=\"attachment_14772\" aria-describedby=\"caption-attachment-14772\" style=\"width: 200px\" class=\"wp-caption alignright\"><img class=\"wp-image-14772 size-medium\" src=\"https:\/\/www.comunicatur.info\/wp-content\/uploads\/2019\/12\/Foto-Joaquim-Arn\u00f3-200x300.jpg\" alt=\"\" width=\"200\" height=\"300\" srcset=\"https:\/\/www.comunicatur.info\/wp-content\/uploads\/2019\/12\/Foto-Joaquim-Arn\u00f3-200x300.jpg 200w, https:\/\/www.comunicatur.info\/wp-content\/uploads\/2019\/12\/Foto-Joaquim-Arn\u00f3-768x1154.jpg 768w, https:\/\/www.comunicatur.info\/wp-content\/uploads\/2019\/12\/Foto-Joaquim-Arn\u00f3-681x1024.jpg 681w, https:\/\/www.comunicatur.info\/wp-content\/uploads\/2019\/12\/Foto-Joaquim-Arn\u00f3-600x902.jpg 600w\" sizes=\"(max-width: 200px) 100vw, 200px\" \/><figcaption id=\"caption-attachment-14772\" class=\"wp-caption-text\">Joaquim Arn\u00f3<\/figcaption><\/figure>\n<p>La comarca del Maresme, bajo la marca \u201cCosta Barcelona\u201d, se quiere posicionar como un destino cinematogr\u00e1fico y por ello en el 2018 se cre\u00f3 la <strong>Maresme Film Commission<\/strong>, una entidad que facilita los rodajes en la comarca y que act\u00faa bajo el paraguas de la Catalunya Film Commission.<!--more--><\/p>\n<p>Su proximidad a la ciudad de Barcelona, su geograf\u00eda entre mar y monta\u00f1a y la buena comunicaci\u00f3n con el entorno hacen que el Maresme sea escenario escogido por muchas productoras cinematogr\u00e1ficas y del mundo audiovisual.<\/p>\n<p>Destacadas producciones internacionales ya han aterrizado en el Maresme. Se han rodado escenas de la famosa serie <strong><em>Juego de Tronos<\/em><\/strong>, en el Castillo de Santa Florentina de Canet de Mar, as\u00ed como largometrajes tan importantes como <strong><em>Elisa y Marcela<\/em><\/strong> (2019) de Isabel Coixet y con secuencias rodadas en Vilassar de Dalt, o <strong><em>Gente que viene y Bah<\/em><\/strong> (2019) ampliamente rodada en el Maresme.<\/p>\n<p>Otras series y programas de televisi\u00f3n rodados en el Maresme son <strong><em>Benvinguts a la familia<\/em><\/strong>, de Paco Plaza, con escenas rodadas en Cabrils y Matar\u00f3 o los programas de TV3 el mejor restaurante frente al mar y la mejor cocina del guisante del Maresme de <strong><em>Joc de Cartes<\/em><\/strong>, adem\u00e1s de <strong><em>El Foraster<\/em><\/strong>, que visit\u00f3 \u00d2rrius y que se emitir\u00e1 esta pr\u00f3xima temporada.<\/p>\n<p>25 municipios del Maresme est\u00e1n adheridos a la Maresme Film Comission, que durante su corta vida ya ha facilitado <strong>cerca de 100 rodajes<\/strong> en la comarca.<\/p>\n<p>El Maresme es el tel\u00f3n de fondo de anuncios, series y pel\u00edculas, convirti\u00e9ndose en un referente para los amantes de la cultura cinematogr\u00e1fica. El pasado mes de octubre nos visitaron los blogueros finlandeses de <strong><em>Fangirlquest<\/em><\/strong>, que se dedican a enmarcar escenas de ficci\u00f3n al escenario real, lo que ellos denominan <strong>#screenframing<\/strong> y que se ha hecho viral en las redes. Visitaron el Castillo de Santa Florentina en un viaje dedicado a <strong><em>Juego de Tronos<\/em><\/strong>.<\/p>\n<p>Las productoras pueden encontrar muchos diferentes tipos de localizaciones en la comarca, desde museos, playas, calles, edificios privados o monumentos hasta teatros y bares. Actualmente en la p\u00e1gina web de la MFC hay m\u00e1s de 300 localizaciones.<\/p>\n<p>Entre las principales funciones de la Maresme Film Comission destacan la atenci\u00f3n y el seguimiento de los proyectos audiovisuales y el seguimiento y coordinaci\u00f3n con las administraciones p\u00fablicas y particulares adheridos al \u00f3rgano, adem\u00e1s del mantenimiento y actualizaci\u00f3n de su inventario de localizaciones y la web de la Maresme Film Comission.<\/p>\n<p>La iniciativa, del Consorcio de Promoci\u00f3n Tur\u00edstica Costa del Maresme, est\u00e1 siendo un factor clave para dinamizar la industria cinematogr\u00e1fica en la comarca y para promocionar la Costa Barcelona en la peque\u00f1a y gran pantalla.<\/p>\n<p><strong>Joaquim Arn\u00f3<\/strong><br \/>\n<em>Presidente del Consorcio de Promoci\u00f3n Tur\u00edstica Costa del Maresme<\/em><\/p>\n","protected":false},"excerpt":{"rendered":"<p>La comarca del Maresme, bajo la marca \u201cCosta Barcelona\u201d, se quiere posicionar como un destino cinematogr\u00e1fico y por ello en el 2018 se cre\u00f3 la Maresme Film Commission, una entidad que facilita los rodajes en la comarca y que act\u00faa bajo el paraguas de la Catalunya Film Commission. Su proximidad a la ciudad de Barcelona, &hellip;<\/p>\n","protected":false},"author":408,"featured_media":0,"comment_status":"closed","ping_status":"open","sticky":false,"template":"","format":"standard","meta":[],"categories":[62,73],"tags":[],"_links":{"self":[{"href":"https:\/\/www.comunicatur.info\/es\/wp-json\/wp\/v2\/posts\/14776"}],"collection":[{"href":"https:\/\/www.comunicatur.info\/es\/wp-json\/wp\/v2\/posts"}],"about":[{"href":"https:\/\/www.comunicatur.info\/es\/wp-json\/wp\/v2\/types\/post"}],"author":[{"embeddable":true,"href":"https:\/\/www.comunicatur.info\/es\/wp-json\/wp\/v2\/users\/408"}],"replies":[{"embeddable":true,"href":"https:\/\/www.comunicatur.info\/es\/wp-json\/wp\/v2\/comments?post=14776"}],"version-history":[{"count":2,"href":"https:\/\/www.comunicatur.info\/es\/wp-json\/wp\/v2\/posts\/14776\/revisions"}],"predecessor-version":[{"id":14778,"href":"https:\/\/www.comunicatur.info\/es\/wp-json\/wp\/v2\/posts\/14776\/revisions\/14778"}],"wp:attachment":[{"href":"https:\/\/www.comunicatur.info\/es\/wp-json\/wp\/v2\/media?parent=14776"}],"wp:term":[{"taxonomy":"category","embeddable":true,"href":"https:\/\/www.comunicatur.info\/es\/wp-json\/wp\/v2\/categories?post=14776"},{"taxonomy":"post_tag","embeddable":true,"href":"https:\/\/www.comunicatur.info\/es\/wp-json\/wp\/v2\/tags?post=14776"}],"curies":[{"name":"wp","href":"https:\/\/api.w.org\/{rel}","templated":true}]}}