{"id":14722,"date":"2019-11-27T00:00:50","date_gmt":"2019-11-26T22:00:50","guid":{"rendered":"https:\/\/comunicatur.info\/?p=14722"},"modified":"2019-11-25T17:00:06","modified_gmt":"2019-11-25T15:00:06","slug":"el-imserso-no-despega-en-cataluna","status":"publish","type":"post","link":"https:\/\/www.comunicatur.info\/es\/el-imserso-no-despega-en-cataluna\/","title":{"rendered":"El Imserso no despega en Catalu\u00f1a"},"content":{"rendered":"<p>El c\u00e1lculo realizado por la Confederaci\u00f3n Espa\u00f1ola de Hoteles y Alojamientos Tur\u00edsticos (Cehat) estima que un 40% de las plazas del Imserso en Catalu\u00f1a del mes de noviembre han quedado libres. Con esta baja ocupaci\u00f3n la situaci\u00f3n es claramente insostenible para los alojamientos catalanes que abren sus establecimientos especialmente esperando a este cliente.<!--more--><\/p>\n<p><img class=\"alignright size-medium wp-image-13971\" src=\"https:\/\/www.comunicatur.info\/wp-content\/uploads\/2019\/06\/Imserso2-230x300.jpg\" alt=\"\" width=\"230\" height=\"300\" srcset=\"https:\/\/www.comunicatur.info\/wp-content\/uploads\/2019\/06\/Imserso2-230x300.jpg 230w, https:\/\/www.comunicatur.info\/wp-content\/uploads\/2019\/06\/Imserso2-600x783.jpg 600w, https:\/\/www.comunicatur.info\/wp-content\/uploads\/2019\/06\/Imserso2.jpg 612w\" sizes=\"(max-width: 230px) 100vw, 230px\" \/>Las causas que esgrimen los hoteleros para explicar este desastre son, por un lado, La crisis pol\u00edtica y social en Catalu\u00f1a y por el otro, aspectos meteorol\u00f3gicos. Cehat afirma que es habitual que destinos como Catalu\u00f1a tengan baja afluencia durante el invierno. Las bajas temperaturas no ayudan a los destinos de costa, pero el descenso tan pronunciado es realmente alarmante. En Benidorm, otro destino de costa que tiene menores ocupaciones del Imserso en invierno, las plazas sin cubrir apenas superan el 10%.<\/p>\n<p>La realidad es que, a nivel global, no solo del Imserso, el descenso de las pernoctaciones de los clientes del resto de Espa\u00f1a en Catalu\u00f1a ha sido pronunciada. Se han perdido m\u00e1s de 85.000 pernoctaciones solo en el mes de octubre, una caida del 17% respecto al a\u00f1o pasado.<\/p>\n<p>Ahora todos est\u00e1n pendientes de las ventas para los meses de febrero, marzo y abril del Imserso. <a href=\"https:\/\/www.comunicatur.info\/es\/mas-lena-al-fuego-del-imserso\/\" target=\"_blank\" rel=\"noopener noreferrer\">Este a\u00f1o la convocatoria del programa de viajes para mayores ha estado repleta de dificultades.<\/a> Las impugnaciones al concurso y los retrasos acumulados no han facilitado la venta de los primeros paquetes. A partir de ahora el sector ir a monitorizando el ritmo de ventas para calibrar si este descenso tan pronunciado se prolonga al resto del a\u00f1o.<\/p>\n","protected":false},"excerpt":{"rendered":"<p>El c\u00e1lculo realizado por la Confederaci\u00f3n Espa\u00f1ola de Hoteles y Alojamientos Tur\u00edsticos (Cehat) estima que un 40% de las plazas del Imserso en Catalu\u00f1a del mes de noviembre han quedado libres. Con esta baja ocupaci\u00f3n la situaci\u00f3n es claramente insostenible para los alojamientos catalanes que abren sus establecimientos especialmente esperando a este cliente. Las causas &hellip;<\/p>\n","protected":false},"author":408,"featured_media":0,"comment_status":"closed","ping_status":"open","sticky":false,"template":"","format":"standard","meta":[],"categories":[62],"tags":[],"_links":{"self":[{"href":"https:\/\/www.comunicatur.info\/es\/wp-json\/wp\/v2\/posts\/14722"}],"collection":[{"href":"https:\/\/www.comunicatur.info\/es\/wp-json\/wp\/v2\/posts"}],"about":[{"href":"https:\/\/www.comunicatur.info\/es\/wp-json\/wp\/v2\/types\/post"}],"author":[{"embeddable":true,"href":"https:\/\/www.comunicatur.info\/es\/wp-json\/wp\/v2\/users\/408"}],"replies":[{"embeddable":true,"href":"https:\/\/www.comunicatur.info\/es\/wp-json\/wp\/v2\/comments?post=14722"}],"version-history":[{"count":1,"href":"https:\/\/www.comunicatur.info\/es\/wp-json\/wp\/v2\/posts\/14722\/revisions"}],"predecessor-version":[{"id":14723,"href":"https:\/\/www.comunicatur.info\/es\/wp-json\/wp\/v2\/posts\/14722\/revisions\/14723"}],"wp:attachment":[{"href":"https:\/\/www.comunicatur.info\/es\/wp-json\/wp\/v2\/media?parent=14722"}],"wp:term":[{"taxonomy":"category","embeddable":true,"href":"https:\/\/www.comunicatur.info\/es\/wp-json\/wp\/v2\/categories?post=14722"},{"taxonomy":"post_tag","embeddable":true,"href":"https:\/\/www.comunicatur.info\/es\/wp-json\/wp\/v2\/tags?post=14722"}],"curies":[{"name":"wp","href":"https:\/\/api.w.org\/{rel}","templated":true}]}}