{"id":14682,"date":"2019-11-14T00:00:27","date_gmt":"2019-11-13T22:00:27","guid":{"rendered":"https:\/\/comunicatur.info\/?p=14682"},"modified":"2019-11-12T13:39:44","modified_gmt":"2019-11-12T11:39:44","slug":"el-mobile-world-congress-2020-de-barcelona-lisboa-2","status":"publish","type":"post","link":"https:\/\/www.comunicatur.info\/es\/el-mobile-world-congress-2020-de-barcelona-lisboa-2\/","title":{"rendered":"El Mobile World Congress 2020, de Barcelona a Lisboa"},"content":{"rendered":"<p>\u201cYo lo que har\u00eda ser\u00eda llamar a Lisboa a ver si hay habitaci\u00f3n para el mes de febrero, estoy insinuando que el Mobile World Congress dar\u00e1 un paso\u201d. Con esta afirmaci\u00f3n se despachaba el reconocido profesor de econom\u00eda Jos\u00e9 Mar\u00eda Gay de Li\u00e9bana en horario de m\u00e1xima audiencia en un programa de TV3.<!--more--><\/p>\n<p><img class=\"alignright size-medium wp-image-12525\" src=\"https:\/\/www.comunicatur.info\/wp-content\/uploads\/2018\/07\/Mice_tecnologia_ISE-300x198.jpg\" alt=\"\" width=\"300\" height=\"198\" srcset=\"https:\/\/www.comunicatur.info\/wp-content\/uploads\/2018\/07\/Mice_tecnologia_ISE-300x198.jpg 300w, https:\/\/www.comunicatur.info\/wp-content\/uploads\/2018\/07\/Mice_tecnologia_ISE.jpg 543w\" sizes=\"(max-width: 300px) 100vw, 300px\" \/>Gay de Li\u00e9bana avanza un futurible que parece haber contrastado con buenas fuentes. La marcha del exitoso congreso mundial de telefon\u00eda m\u00f3vil que se celebra en Barcelona podr\u00eda ser realidad. El profesor ha matizado que \u201cno lo da por definitivo, pero es una posibilidad que se est\u00e1 planteando. A la vista de lo que se est\u00e1 viendo, desde Estados Unidos est\u00e1n llamando, desde China est\u00e1n llamando y dicen que en Barcelona no se puede organizar un Mobile ahora\u201d.<\/p>\n<p>Se ha comentado mucho sobre esta cuesti\u00f3n desde que se inici\u00f3 un periodo de inestabilidad pol\u00edtica y social en Catalu\u00f1a, pero el profesor est\u00e1 siendo bastante activo en afirmar que peligran las principales ferias y congresos en la capital catalana.<\/p>\n<p><img class=\"alignright size-medium wp-image-14528\" src=\"https:\/\/www.comunicatur.info\/wp-content\/uploads\/2019\/10\/Hotel_Majestic_protestesBCN-281x300.jpg\" alt=\"\" width=\"281\" height=\"300\" srcset=\"https:\/\/www.comunicatur.info\/wp-content\/uploads\/2019\/10\/Hotel_Majestic_protestesBCN-281x300.jpg 281w, https:\/\/www.comunicatur.info\/wp-content\/uploads\/2019\/10\/Hotel_Majestic_protestesBCN-768x820.jpg 768w, https:\/\/www.comunicatur.info\/wp-content\/uploads\/2019\/10\/Hotel_Majestic_protestesBCN-959x1024.jpg 959w, https:\/\/www.comunicatur.info\/wp-content\/uploads\/2019\/10\/Hotel_Majestic_protestesBCN-600x641.jpg 600w, https:\/\/www.comunicatur.info\/wp-content\/uploads\/2019\/10\/Hotel_Majestic_protestesBCN.jpg 1152w\" sizes=\"(max-width: 281px) 100vw, 281px\" \/>Parece que las im\u00e1genes de disturbios en las calles van m\u00e1s all\u00e1 de lo asumible por parte de los OPC (Organizadores Profesionales de Congresos). Los episodios de violencia son bastante m\u00e1s impactantes para el Mobile que las molestias ocasionadas por las huelgas de transporte de metro o taxi.<\/p>\n<p>Esta feria genera 435 millones de euros de impacto econ\u00f3mico y unos 10.000 empleos vinculados. Acuden cada a\u00f1o a Barcelona m\u00e1s de 120.000 visitantes de todo el mundo. Se trata de uno de los mayores eventos mundiales del turismo MICE.<\/p>\n","protected":false},"excerpt":{"rendered":"<p>\u201cYo lo que har\u00eda ser\u00eda llamar a Lisboa a ver si hay habitaci\u00f3n para el mes de febrero, estoy insinuando que el Mobile World Congress dar\u00e1 un paso\u201d. Con esta afirmaci\u00f3n se despachaba el reconocido profesor de econom\u00eda Jos\u00e9 Mar\u00eda Gay de Li\u00e9bana en horario de m\u00e1xima audiencia en un programa de TV3. Gay de &hellip;<\/p>\n","protected":false},"author":408,"featured_media":0,"comment_status":"closed","ping_status":"open","sticky":false,"template":"","format":"standard","meta":[],"categories":[63,62],"tags":[],"_links":{"self":[{"href":"https:\/\/www.comunicatur.info\/es\/wp-json\/wp\/v2\/posts\/14682"}],"collection":[{"href":"https:\/\/www.comunicatur.info\/es\/wp-json\/wp\/v2\/posts"}],"about":[{"href":"https:\/\/www.comunicatur.info\/es\/wp-json\/wp\/v2\/types\/post"}],"author":[{"embeddable":true,"href":"https:\/\/www.comunicatur.info\/es\/wp-json\/wp\/v2\/users\/408"}],"replies":[{"embeddable":true,"href":"https:\/\/www.comunicatur.info\/es\/wp-json\/wp\/v2\/comments?post=14682"}],"version-history":[{"count":1,"href":"https:\/\/www.comunicatur.info\/es\/wp-json\/wp\/v2\/posts\/14682\/revisions"}],"predecessor-version":[{"id":14683,"href":"https:\/\/www.comunicatur.info\/es\/wp-json\/wp\/v2\/posts\/14682\/revisions\/14683"}],"wp:attachment":[{"href":"https:\/\/www.comunicatur.info\/es\/wp-json\/wp\/v2\/media?parent=14682"}],"wp:term":[{"taxonomy":"category","embeddable":true,"href":"https:\/\/www.comunicatur.info\/es\/wp-json\/wp\/v2\/categories?post=14682"},{"taxonomy":"post_tag","embeddable":true,"href":"https:\/\/www.comunicatur.info\/es\/wp-json\/wp\/v2\/tags?post=14682"}],"curies":[{"name":"wp","href":"https:\/\/api.w.org\/{rel}","templated":true}]}}