{"id":1467,"date":"2009-07-06T00:03:50","date_gmt":"2009-07-06T00:03:50","guid":{"rendered":"https:\/\/comunicatur.info\/marcel-forns-director-general-de-gebta-espanya-2\/"},"modified":"2009-07-06T00:03:50","modified_gmt":"2009-07-06T00:03:50","slug":"marcel-forns-director-general-de-gebta-espanya-2","status":"publish","type":"post","link":"https:\/\/www.comunicatur.info\/es\/marcel-forns-director-general-de-gebta-espanya-2\/","title":{"rendered":"Marcel Forns, director general de GEBTA Espa\u00f1a"},"content":{"rendered":"<p><P>\u201cA pesar de ser un sector estable y s\u00f3lido, la crisis tiene un impacto directo en los viajes de empresa. Este tipo de turismo ha sufrido una ca\u00edda del 30% en el conjunto de Espa\u00f1a\u201d<\/P><br \/>\n<P><IMG src=\"https:\/\/www.comunicatur.info\/cms\/images\/stories\/fotos\/marcel_forns.jpg\"><\/P><br \/>\n<P>El \u00faltimo Debate Comunicatur tiene como invitado al director general de GEBTA Espa\u00f1a, Marcel Forns, y cuenta con la participaci\u00f3n del director Institucional de Comunicatur, Enric Domingo, y el asesor tur\u00edstico Jordi Blanch. Este nuevo programa gira entorno a los viajes corporativos y su importancia en el mundo empresarial..<\/P><\/p>\n<p>Dentro de las empresas, los viajes de negocios suponen una partida con un impacto muy importante en las cuentas de las compa\u00f1\u00edas, y por lo tanto, en momentos complicados, su presupuesto es uno de los primeros que se recortan. Pese a esto, Marcel Forns asegura que \u201ces un sector muy estable y s\u00f3lido, donde se requiere una alta especializaci\u00f3n y unos profesionales conocedores del entorno empresarial, econ\u00f3mico y tur\u00edstico, y capaces de gestionar costes y optimizar presupuestos\u201d.<\/p>\n<p><strong>Entrevista<\/strong><\/p>\n<p><object width=\"320\" height=\"265\"><param name=\"movie\" value=\"http:\/\/www.youtube.com\/v\/2A0THr5Jwmo&#038;hl=es&#038;fs=1&#038;color1=0x234900&#038;color2=0x4e9e00\"><\/param><param name=\"allowFullScreen\" value=\"true\"><\/param><param name=\"allowscriptaccess\" value=\"always\"><\/param><embed src=\"http:\/\/www.youtube.com\/v\/2A0THr5Jwmo&#038;hl=es&#038;fs=1&#038;color1=0x234900&#038;color2=0x4e9e00\" type=\"application\/x-shockwave-flash\" allowscriptaccess=\"always\" allowfullscreen=\"true\" width=\"320\" height=\"265\"><\/embed><\/object><\/p>\n<p><a href=\" http:\/\/www.youtube.com\/watch?v=2A0THr5Jwmo\"> Mejor ancho de banda para este v\u00eddeo<\/a><\/p>\n<p><strong>Parte 1 del Debate<\/strong><\/p>\n<p><object width=\"320\" height=\"265\"><param name=\"movie\" value=\"http:\/\/www.youtube.com\/v\/aTxTwqDfEGk&#038;hl=es&#038;fs=1&#038;color1=0x234900&#038;color2=0x4e9e00\"><\/param><param name=\"allowFullScreen\" value=\"true\"><\/param><param name=\"allowscriptaccess\" value=\"always\"><\/param><embed src=\"http:\/\/www.youtube.com\/v\/aTxTwqDfEGk&#038;hl=es&#038;fs=1&#038;color1=0x234900&#038;color2=0x4e9e00\" type=\"application\/x-shockwave-flash\" allowscriptaccess=\"always\" allowfullscreen=\"true\" width=\"320\" height=\"265\"><\/embed><\/object><\/p>\n<p><a href=\" http:\/\/www.youtube.com\/watch?v=aTxTwqDfEGk\"> Mejor ancho de banda para este v\u00eddeo <\/a><\/p>\n<p><strong>Parte 2 del Debate<\/strong><\/p>\n<p><object width=\"320\" height=\"265\"><param name=\"movie\" value=\"http:\/\/www.youtube.com\/v\/ou56s1LuXpc&#038;hl=es&#038;fs=1&#038;color1=0x234900&#038;color2=0x4e9e00\"><\/param><param name=\"allowFullScreen\" value=\"true\"><\/param><param name=\"allowscriptaccess\" value=\"always\"><\/param><embed src=\"http:\/\/www.youtube.com\/v\/ou56s1LuXpc&#038;hl=es&#038;fs=1&#038;color1=0x234900&#038;color2=0x4e9e00\" type=\"application\/x-shockwave-flash\" allowscriptaccess=\"always\" allowfullscreen=\"true\" width=\"320\" height=\"265\"><\/embed><\/object><\/p>\n<p><a href=\" http:\/\/www.youtube.com\/watch?v=ou56s1LuXpc\"> Mejor ancho de banda para este v\u00eddeo <\/a><\/p>\n<p>Accede a todos los programas en <a href=\"http:\/\/www.youtube.com\/comunicatur\" target=\"_blank\" rel=\"noopener\">www.youtube.com\/comunicatur<\/a><\/p>\n","protected":false},"excerpt":{"rendered":"<p><P>\u201cA pesar de ser un sector estable y s\u00f3lido, la crisis tiene un impacto directo en los viajes de empresa. Este tipo de turismo ha sufrido una ca\u00edda del 30% en el conjunto de Espa\u00f1a\u201d<\/P><br \/>\n<P><IMG src=\"https:\/\/www.comunicatur.info\/cms\/images\/stories\/fotos\/marcel_forns.jpg\"><\/P><br \/>\n<P>El \u00faltimo Debate Comunicatur tiene como invitado al director general de GEBTA Espa\u00f1a, Marcel Forns, y cuenta con la participaci\u00f3n del director Institucional de Comunicatur, Enric Domingo, y el asesor tur\u00edstico Jordi Blanch. Este nuevo programa gira entorno a los viajes corporativos y su importancia en el mundo empresarial..<\/P><\/p>\n","protected":false},"author":1,"featured_media":0,"comment_status":"close","ping_status":"open","sticky":false,"template":"","format":"standard","meta":[],"categories":[23],"tags":[],"_links":{"self":[{"href":"https:\/\/www.comunicatur.info\/es\/wp-json\/wp\/v2\/posts\/1467"}],"collection":[{"href":"https:\/\/www.comunicatur.info\/es\/wp-json\/wp\/v2\/posts"}],"about":[{"href":"https:\/\/www.comunicatur.info\/es\/wp-json\/wp\/v2\/types\/post"}],"author":[{"embeddable":true,"href":"https:\/\/www.comunicatur.info\/es\/wp-json\/wp\/v2\/users\/1"}],"replies":[{"embeddable":true,"href":"https:\/\/www.comunicatur.info\/es\/wp-json\/wp\/v2\/comments?post=1467"}],"version-history":[{"count":0,"href":"https:\/\/www.comunicatur.info\/es\/wp-json\/wp\/v2\/posts\/1467\/revisions"}],"wp:attachment":[{"href":"https:\/\/www.comunicatur.info\/es\/wp-json\/wp\/v2\/media?parent=1467"}],"wp:term":[{"taxonomy":"category","embeddable":true,"href":"https:\/\/www.comunicatur.info\/es\/wp-json\/wp\/v2\/categories?post=1467"},{"taxonomy":"post_tag","embeddable":true,"href":"https:\/\/www.comunicatur.info\/es\/wp-json\/wp\/v2\/tags?post=1467"}],"curies":[{"name":"wp","href":"https:\/\/api.w.org\/{rel}","templated":true}]}}