{"id":14655,"date":"2019-11-08T00:00:09","date_gmt":"2019-11-07T22:00:09","guid":{"rendered":"https:\/\/comunicatur.info\/?p=14655"},"modified":"2019-11-07T20:55:51","modified_gmt":"2019-11-07T18:55:51","slug":"las-kellys-vuelven-llevar-su-reivindicacion-europa","status":"publish","type":"post","link":"https:\/\/www.comunicatur.info\/es\/las-kellys-vuelven-llevar-su-reivindicacion-europa\/","title":{"rendered":"Las Kellys vuelven a llevar su reivindicaci\u00f3n a Europa"},"content":{"rendered":"<p>Un grupo de representantes de la asociaci\u00f3n de Kellys ha visitado por segunda vez el Parlamento Europeo para trasladar a la Comisi\u00f3n y a los eurodiputados sus demandas laborales.<!--more--><\/p>\n<p><img class=\"alignright size-medium wp-image-14653\" src=\"https:\/\/www.comunicatur.info\/wp-content\/uploads\/2019\/11\/KellysUE-300x169.jpg\" alt=\"\" width=\"300\" height=\"169\" srcset=\"https:\/\/www.comunicatur.info\/wp-content\/uploads\/2019\/11\/KellysUE-300x169.jpg 300w, https:\/\/www.comunicatur.info\/wp-content\/uploads\/2019\/11\/KellysUE-768x432.jpg 768w, https:\/\/www.comunicatur.info\/wp-content\/uploads\/2019\/11\/KellysUE-1024x575.jpg 1024w, https:\/\/www.comunicatur.info\/wp-content\/uploads\/2019\/11\/KellysUE-600x337.jpg 600w, https:\/\/www.comunicatur.info\/wp-content\/uploads\/2019\/11\/KellysUE.jpg 1500w\" sizes=\"(max-width: 300px) 100vw, 300px\" \/>Denuncian la vulneraci\u00f3n de sus derechos como trabajadoras. Con la externalizaci\u00f3n del servicio que realiza el sector de la hosteler\u00eda las camareras de piso quedan fuera del convenio en una situaci\u00f3n de desprotecci\u00f3n, seg\u00fan reivindican.<\/p>\n<p>Piden m\u00e1s implicaci\u00f3n a las instituciones europeas porque no ven que avancen de forma clara hacia la regulaci\u00f3n de su trabajo. Por ello han presentado un borrador de directiva espec\u00edfica que busca eliminar la terciarizaci\u00f3n de las relaciones laborales. La propuesta presentada al Parlamento Europeo y al Consejo de la UE viene encabezada por el t\u00edtulo \u00abdirectiva relativa a la protecci\u00f3n de los trabajadores contra los riesgos relacionados por el aprovechamiento injusto de la mano de obra\u00bb.<\/p>\n<p><img class=\"alignright size-medium wp-image-14651\" src=\"https:\/\/www.comunicatur.info\/wp-content\/uploads\/2019\/11\/LasKellysUE_19-300x177.jpg\" alt=\"\" width=\"300\" height=\"177\" srcset=\"https:\/\/www.comunicatur.info\/wp-content\/uploads\/2019\/11\/LasKellysUE_19-300x177.jpg 300w, https:\/\/www.comunicatur.info\/wp-content\/uploads\/2019\/11\/LasKellysUE_19.jpg 600w\" sizes=\"(max-width: 300px) 100vw, 300px\" \/>Esta propuesta de directiva tendr\u00eda repercusi\u00f3n sobre otros colectivos tambi\u00e9n terciarizados como los de Uber, Deliveroo&#8230; Las denominadas &#8216;Kellys&#8217; han hecho de lobby ante las instituciones comunitarias. La delegaci\u00f3n espa\u00f1ola estaba formada por trabajadoras de Barcelona, \u200b\u200bMadrid, Benidorm y Fuerteventura, pero tambi\u00e9n han participado otras Kellys llegadas de Francia y el Reino Unido.<\/p>\n<p><img class=\"alignright size-medium wp-image-14652\" src=\"https:\/\/www.comunicatur.info\/wp-content\/uploads\/2019\/11\/KellysUE_19-300x225.jpg\" alt=\"\" width=\"300\" height=\"225\" srcset=\"https:\/\/www.comunicatur.info\/wp-content\/uploads\/2019\/11\/KellysUE_19-300x225.jpg 300w, https:\/\/www.comunicatur.info\/wp-content\/uploads\/2019\/11\/KellysUE_19-600x450.jpg 600w, https:\/\/www.comunicatur.info\/wp-content\/uploads\/2019\/11\/KellysUE_19.jpg 680w\" sizes=\"(max-width: 300px) 100vw, 300px\" \/>Reclaman que el sector del alojamiento elimine el outsourcing y que la actividad de las camareras de piso pase a regularse de forma directa. En muchos casos denuncian que los propios hoteles las seleccionan pero que luego las pasan a subcontratar por v\u00eda de una empresa externa de servicios.<\/p>\n<p>Quieren extender su lucha a nivel de toda Europa para ganar fuerza y \u200b\u200banuncian m\u00e1s movilizaciones.<\/p>\n","protected":false},"excerpt":{"rendered":"<p>Un grupo de representantes de la asociaci\u00f3n de Kellys ha visitado por segunda vez el Parlamento Europeo para trasladar a la Comisi\u00f3n y a los eurodiputados sus demandas laborales. Denuncian la vulneraci\u00f3n de sus derechos como trabajadoras. Con la externalizaci\u00f3n del servicio que realiza el sector de la hosteler\u00eda las camareras de piso quedan fuera &hellip;<\/p>\n","protected":false},"author":408,"featured_media":0,"comment_status":"closed","ping_status":"open","sticky":false,"template":"","format":"standard","meta":[],"categories":[59],"tags":[],"_links":{"self":[{"href":"https:\/\/www.comunicatur.info\/es\/wp-json\/wp\/v2\/posts\/14655"}],"collection":[{"href":"https:\/\/www.comunicatur.info\/es\/wp-json\/wp\/v2\/posts"}],"about":[{"href":"https:\/\/www.comunicatur.info\/es\/wp-json\/wp\/v2\/types\/post"}],"author":[{"embeddable":true,"href":"https:\/\/www.comunicatur.info\/es\/wp-json\/wp\/v2\/users\/408"}],"replies":[{"embeddable":true,"href":"https:\/\/www.comunicatur.info\/es\/wp-json\/wp\/v2\/comments?post=14655"}],"version-history":[{"count":1,"href":"https:\/\/www.comunicatur.info\/es\/wp-json\/wp\/v2\/posts\/14655\/revisions"}],"predecessor-version":[{"id":14656,"href":"https:\/\/www.comunicatur.info\/es\/wp-json\/wp\/v2\/posts\/14655\/revisions\/14656"}],"wp:attachment":[{"href":"https:\/\/www.comunicatur.info\/es\/wp-json\/wp\/v2\/media?parent=14655"}],"wp:term":[{"taxonomy":"category","embeddable":true,"href":"https:\/\/www.comunicatur.info\/es\/wp-json\/wp\/v2\/categories?post=14655"},{"taxonomy":"post_tag","embeddable":true,"href":"https:\/\/www.comunicatur.info\/es\/wp-json\/wp\/v2\/tags?post=14655"}],"curies":[{"name":"wp","href":"https:\/\/api.w.org\/{rel}","templated":true}]}}