{"id":14505,"date":"2019-10-15T00:00:08","date_gmt":"2019-10-14T22:00:08","guid":{"rendered":"https:\/\/comunicatur.info\/?p=14505"},"modified":"2019-10-14T13:27:09","modified_gmt":"2019-10-14T11:27:09","slug":"verano-2019-hoteles-y-campings-registran-las-mejores-ocupaciones-de-los-ultimos-ocho-anos","status":"publish","type":"post","link":"https:\/\/www.comunicatur.info\/es\/verano-2019-hoteles-y-campings-registran-las-mejores-ocupaciones-de-los-ultimos-ocho-anos\/","title":{"rendered":"Verano 2019: hoteles y campings registran las mejores ocupaciones de los \u00faltimos ocho a\u00f1os"},"content":{"rendered":"<p>La <strong>Diputaci\u00f3n de Barcelona<\/strong>, a trav\u00e9s de su <strong>Laboratorio de Turismo<\/strong> ha dado a conocer el resultado de la <strong>Encuesta Flash de ocupaci\u00f3n tur\u00edstica del mes de septiembre<\/strong> en los alojamientos del Entorno de Barcelona, que como ya es conocido, hace referencia a las comarcas de la provincia menos el Barcelon\u00e8s.<!--more--><\/p>\n<p>Los datos m\u00e1s destacables de septiembre los encontramos en <strong>los campings, ya que la ocupaci\u00f3n ha crecido 11 puntos porcentuales<\/strong>, habi\u00e9ndose recuperado claramente de la disminuci\u00f3n del 2018 (-2,8 pp) y han registrado la mejor ocupaci\u00f3n media de septiembre desde el 2011.<\/p>\n<p>En el lado negativo, a pesar de los buenos datos de los<strong> hoteles<\/strong>, sorprende <strong>el descenso de m\u00e1s de 15 puntos porcentuales de los establecimientos hoteleros del Bergued\u00e0.<\/strong><\/p>\n<p>Principales datos de septiembre de 2019:<\/p>\n<p><u>OCUPACI\u00d3N EN <strong>ESTABLECIMIENTOS HOTELEROS<\/strong><\/u><\/p>\n<p><strong>82,0% de ocupaci\u00f3n media<\/strong> (+2,2 puntos porcentuales (pp) respecto a septiembre de 2018).<br \/>\nEl crecimiento se ha producido tanto en la primera quincena (+1,08) como en la segunda (+3,40).<\/p>\n<p><strong>Ocupaciones m\u00e1s altas<\/strong>, por comarcas. Como es l\u00f3gico, son las del litoral:<br \/>\nGarraf: 87,9% (+6,9 pp)<br \/>\nMaresme: 85,9% (-0,3 pp)<br \/>\nVall\u00e8s Occidental: 82,8% (+10,47 pp)<br \/>\nBaix Llobregat: 81,9% (+3,24 pp)<br \/>\nVall\u00e8s Oriental: 80,1% (+5,17 pp)<\/p>\n<p><strong>Ocupaciones m\u00e1s bajas<\/strong>. Son las de interior:<br \/>\nOsona 52,3% (-8,9 pp)<br \/>\nAlt Pened\u00e8s 51,6% (+9,6 pp)<br \/>\nAnoia 51,1% (+6,4 pp)<br \/>\nBergued\u00e0 39,4% (-15,21 pp)<\/p>\n<p><u>OCUPACI\u00d3N EN <strong>ESTABLECIMIENTOS DE TURISMO RURAL<\/strong><\/u><\/p>\n<p><strong>36,2% de ocupaci\u00f3n media <\/strong>(-5,6 pp respecto a septiembre de 2018).<br \/>\nSe mantiene la tendencia decreciente de los meses de junio (-4,8 pp), julio (-3,4 pp) y agosto (-3,7 pp).<br \/>\nLa ca\u00edda es m\u00e1s importante en la segunda quincena, donde se ha pasado de un 42,5% de ocupaci\u00f3n en el 2018 a un 34,5% este a\u00f1o (-7,5 pp).<\/p>\n<p><strong>Por comarcas, solo ganan ocupaci\u00f3n el Anoia (+0,4 pp) y el Bages (+3,4 pp).<\/strong><br \/>\nBergued\u00e0: 47,03 (-4,9 pp)<br \/>\nAnoia: 40,3% (+0,4 pp)<br \/>\nOsona: 35,0% (-14,6 pp)<\/p>\n<p>Moian\u00e8s: 34,6% (-16,0 pp)<br \/>\nVall\u00e8s Oriental: 28,8% (-13,4 pp)<br \/>\nBages: 28,1% (+3,4 pp)<br \/>\nAlt Pened\u00e8s: 27,3% (-4,1 pp)<\/p>\n<p><u>OCUPACI\u00d3N EN LOS <strong>CAMPINGS<\/strong><\/u><\/p>\n<p><strong>62,6% de ocupaci\u00f3n media<\/strong> (+11,0 pp respecto a septiembre de 2018).<\/p>\n<p><strong>Ocupaciones por marca tur\u00edstica:<\/strong><br \/>\nPirineus Barcelona: 72,4% (-2,8 pp). Recordamos que esta marca coincide plena y exclusivamente con el Bergued\u00e0.<br \/>\nCosta Barcelona: 62,9% (+15,6 pp)<br \/>\nPaisajes Barcelona: 40,1 (+0,9 pp)<\/p>\n<p><u>RESUMEN OCUPACIONES VERANO 2019<\/u><\/p>\n<p>Con los datos de septiembre, ya se puede hacer una <strong>valoraci\u00f3n de la ocupaci\u00f3n del verano 2019, de junio a septiembre, <\/strong>en los alojamientos del Entorno de Barcelona<strong>:<\/strong><\/p>\n<p><strong>HOTELES: 84,2% <\/strong>de ocupaci\u00f3n media (+3,2 pp) respecto al verano de 2018).<br \/>\nEs la mejor ocupaci\u00f3n de toda la serie 2010-2018.<br \/>\n<strong>CAMPINGS: 66,4% <\/strong>de ocupaci\u00f3n media (+5,3 pp respecto al 2018).<\/p>\n<p>Es la mejor ocupaci\u00f3n de toda la serie 2010-2018.<br \/>\n<strong>TURISME RURAL: 52% <\/strong>de ocupaci\u00f3n media (-4,4 pp respecto al 2018 i -11 pp respecto al verano de 2017.<\/p>\n<p><a href=\"https:\/\/www.diba.cat\/documents\/74348\/244505151\/Informe+Flaix+Ocupaci\u00f3+tur\u00edstica+SETEMBRE2019.pdf\/be5c8fca-1d15-4255-9aff-7ff6f5ce9db1\" target=\"_blank\" rel=\"noopener\"><em>Quiero ver el Informe Flash de septiembre<\/em><\/a><\/p>\n<p><a href=\"https:\/\/www.diba.cat\/dturisme\/labturisme\" target=\"_blank\" rel=\"noopener\"><em>Quiero ver otros informes y estudios del LabTurisme<\/em><\/a><\/p>\n","protected":false},"excerpt":{"rendered":"<p>La Diputaci\u00f3n de Barcelona, a trav\u00e9s de su Laboratorio de Turismo ha dado a conocer el resultado de la Encuesta Flash de ocupaci\u00f3n tur\u00edstica del mes de septiembre en los alojamientos del Entorno de Barcelona, que como ya es conocido, hace referencia a las comarcas de la provincia menos el Barcelon\u00e8s. Los datos m\u00e1s destacables &hellip;<\/p>\n","protected":false},"author":408,"featured_media":0,"comment_status":"closed","ping_status":"open","sticky":false,"template":"","format":"standard","meta":[],"categories":[74],"tags":[],"_links":{"self":[{"href":"https:\/\/www.comunicatur.info\/es\/wp-json\/wp\/v2\/posts\/14505"}],"collection":[{"href":"https:\/\/www.comunicatur.info\/es\/wp-json\/wp\/v2\/posts"}],"about":[{"href":"https:\/\/www.comunicatur.info\/es\/wp-json\/wp\/v2\/types\/post"}],"author":[{"embeddable":true,"href":"https:\/\/www.comunicatur.info\/es\/wp-json\/wp\/v2\/users\/408"}],"replies":[{"embeddable":true,"href":"https:\/\/www.comunicatur.info\/es\/wp-json\/wp\/v2\/comments?post=14505"}],"version-history":[{"count":1,"href":"https:\/\/www.comunicatur.info\/es\/wp-json\/wp\/v2\/posts\/14505\/revisions"}],"predecessor-version":[{"id":14506,"href":"https:\/\/www.comunicatur.info\/es\/wp-json\/wp\/v2\/posts\/14505\/revisions\/14506"}],"wp:attachment":[{"href":"https:\/\/www.comunicatur.info\/es\/wp-json\/wp\/v2\/media?parent=14505"}],"wp:term":[{"taxonomy":"category","embeddable":true,"href":"https:\/\/www.comunicatur.info\/es\/wp-json\/wp\/v2\/categories?post=14505"},{"taxonomy":"post_tag","embeddable":true,"href":"https:\/\/www.comunicatur.info\/es\/wp-json\/wp\/v2\/tags?post=14505"}],"curies":[{"name":"wp","href":"https:\/\/api.w.org\/{rel}","templated":true}]}}