{"id":1420,"date":"2009-06-25T00:00:00","date_gmt":"2009-06-25T00:00:00","guid":{"rendered":"https:\/\/comunicatur.info\/les-petites-i-mitjanes-empreses-de-catalunya-en-desacord-amb-lagencia-catalana-de-turisme-2\/"},"modified":"2009-06-25T00:00:00","modified_gmt":"2009-06-25T00:00:00","slug":"les-petites-i-mitjanes-empreses-de-catalunya-en-desacord-amb-lagencia-catalana-de-turisme-2","status":"publish","type":"post","link":"https:\/\/www.comunicatur.info\/es\/les-petites-i-mitjanes-empreses-de-catalunya-en-desacord-amb-lagencia-catalana-de-turisme-2\/","title":{"rendered":"Las peque\u00f1as y medianas empresas de Catalu\u00f1a, en desacuerdo con la Agencia Catalana de Turismo"},"content":{"rendered":"<p>PIMEC, Peque\u00f1a y Mediana Empresa de Catalu\u00f1a, ha manifestado su desacuerdo con la propuesta de estatutos de la futura Agencia Catalana de Turismo que est\u00e1 en proceso de aprobaci\u00f3n. Los representantes de las peque\u00f1as empresas consideran que la propuesta de decreto que regular\u00e1 este nuevo organismo discrimina al 90% del sector. <\/p>\n<p><\/p>\n<p>La normativa prev\u00e9 la participaci\u00f3n privada en el Consejo de Direcci\u00f3n de la Agencia mediante una aportaci\u00f3n econ\u00f3mica. Esta f\u00f3rmula, dice PIMEC, \u201cno garantiza el principio de igualdad de condiciones para acceder a los \u00f3rganos de decisi\u00f3n\u201d de esta entidad de derecho p\u00fablico. Consideran que se trata de la imposici\u00f3n \u201cde un peaje econ\u00f3mico\u201d muy dif\u00edcil de afrontar por los peque\u00f1os establecimientos de car\u00e1cter familiar.<\/p>\n<p>Recuerdan que \u201ccasi el 90% del parque empresarial hotelero catal\u00e1n lo forman empresas medianas y peque\u00f1as\u201d, y es precisamente la actividad de alojamiento y restauraci\u00f3n la que representa la mayor parte del gasto que hacen los turistas en Catalu\u00f1a (43% del total de gasto en actividades tur\u00edsticas), seg\u00fan un reciente estudio elaborado por la Universidad Rovira i Virgili. Por ellos sostienen que la Agencia Catalana de Turismo no tiene en cuenta esta realidad y no es coherente \u201ccon el principio de no discriminaci\u00f3n que debe permitir la participaci\u00f3n de todos aquellos actores interesados en la promoci\u00f3n del turismo, independientemente de sus posibilidades econ\u00f3micas\u201d.<\/p>\n<p>La creaci\u00f3n de la Agencia Catalana de Turismo est\u00e1 teniendo una proceso complicado de gestaci\u00f3n con un retraso en su puesta en marcha de casi dos a\u00f1os desde la aprobaci\u00f3n en el Parlamento de Catalu\u00f1a en noviembre de 2007. Adem\u00e1s de PIMEC, patronal que representa las micro, peque\u00f1as y medianas empresas y los aut\u00f3nomos de Catalunya, la Asociaci\u00f3n Catalana de Agencias de Viajes (ACAV) y la Uni\u00f3n Catalana de Agencias de Viaje Emisoras (UCAVE) tambi\u00e9n se han mostrado cr\u00edticos y vigilantes por otros aspectos. La Agencia Catalana de Turismo se impuls\u00f3 bas\u00e1ndose en los principios de codecisi\u00f3n y de cofinanciaci\u00f3n de los agentes p\u00fablicos y privados interesados en la promoci\u00f3n del turismo. <\/p>\n<p>El posicionamiento contrario de PIMEC, Peque\u00f1a y Mediana Empresa de Catalu\u00f1a, ha quedado recogido en el dictamen que ha elaborado el Consejo de Trabajo, Econ\u00f3mico y Social de Catalu\u00f1a (CTESC) sobre el proyecto de decreto de los estatutos de la Agencia Catalana de Turismo. El CTESC solicita al Gobierno catal\u00e1n, que es quien impulsa la Agencia, que sea receptivo a las recomendaciones formuladas en su dictamen. <\/p>\n","protected":false},"excerpt":{"rendered":"<p>PIMEC, Peque\u00f1a y Mediana Empresa de Catalu\u00f1a, ha manifestado su desacuerdo con la propuesta de estatutos de la futura Agencia Catalana de Turismo que est\u00e1 en proceso de aprobaci\u00f3n. Los representantes de las peque\u00f1as empresas consideran que la propuesta de decreto que regular\u00e1 este nuevo organismo discrimina al 90% del sector. <\/p>\n","protected":false},"author":1,"featured_media":0,"comment_status":"close","ping_status":"open","sticky":false,"template":"","format":"standard","meta":[],"categories":[18],"tags":[],"_links":{"self":[{"href":"https:\/\/www.comunicatur.info\/es\/wp-json\/wp\/v2\/posts\/1420"}],"collection":[{"href":"https:\/\/www.comunicatur.info\/es\/wp-json\/wp\/v2\/posts"}],"about":[{"href":"https:\/\/www.comunicatur.info\/es\/wp-json\/wp\/v2\/types\/post"}],"author":[{"embeddable":true,"href":"https:\/\/www.comunicatur.info\/es\/wp-json\/wp\/v2\/users\/1"}],"replies":[{"embeddable":true,"href":"https:\/\/www.comunicatur.info\/es\/wp-json\/wp\/v2\/comments?post=1420"}],"version-history":[{"count":0,"href":"https:\/\/www.comunicatur.info\/es\/wp-json\/wp\/v2\/posts\/1420\/revisions"}],"wp:attachment":[{"href":"https:\/\/www.comunicatur.info\/es\/wp-json\/wp\/v2\/media?parent=1420"}],"wp:term":[{"taxonomy":"category","embeddable":true,"href":"https:\/\/www.comunicatur.info\/es\/wp-json\/wp\/v2\/categories?post=1420"},{"taxonomy":"post_tag","embeddable":true,"href":"https:\/\/www.comunicatur.info\/es\/wp-json\/wp\/v2\/tags?post=1420"}],"curies":[{"name":"wp","href":"https:\/\/api.w.org\/{rel}","templated":true}]}}