{"id":14134,"date":"2019-07-11T00:00:41","date_gmt":"2019-07-10T22:00:41","guid":{"rendered":"https:\/\/comunicatur.info\/?p=14134"},"modified":"2019-07-10T08:39:54","modified_gmt":"2019-07-10T06:39:54","slug":"la-marca-barcelona-es-molt-mes-de-la-diputacion-de-barcelona-llega-los-50-000-seguidores-en-instagram","status":"publish","type":"post","link":"https:\/\/www.comunicatur.info\/es\/la-marca-barcelona-es-molt-mes-de-la-diputacion-de-barcelona-llega-los-50-000-seguidores-en-instagram\/","title":{"rendered":"La marca \u201cBarcelona \u00e9s molt m\u00e9s\u201d de la Diputaci\u00f3n de Barcelona llega a los 50.000 seguidores en Instagram"},"content":{"rendered":"<p>Entre los diferentes tipos de redes sociales, Instagram se ha convertido cada vez m\u00e1s en un referente en el campo del turismo. Por ello, llegar a los 50.000 seguidores es un hito importante que la Diputaci\u00f3n de Barcelona celebra, al tiempo que anima a todo el mundo a participar.<\/p>\n<p><a href=\"https:\/\/www.instagram.com\/bcnmoltmes\/?hl=en\" target=\"_blank\" rel=\"noopener\"><img class=\"alignright size-medium wp-image-14128\" src=\"https:\/\/www.comunicatur.info\/wp-content\/uploads\/2019\/07\/Instagram_BCNMoltM\u00e9s-300x171.jpg\" alt=\"\" width=\"300\" height=\"171\" srcset=\"https:\/\/www.comunicatur.info\/wp-content\/uploads\/2019\/07\/Instagram_BCNMoltM\u00e9s-300x171.jpg 300w, https:\/\/www.comunicatur.info\/wp-content\/uploads\/2019\/07\/Instagram_BCNMoltM\u00e9s-768x438.jpg 768w, https:\/\/www.comunicatur.info\/wp-content\/uploads\/2019\/07\/Instagram_BCNMoltM\u00e9s-1024x584.jpg 1024w, https:\/\/www.comunicatur.info\/wp-content\/uploads\/2019\/07\/Instagram_BCNMoltM\u00e9s-600x342.jpg 600w, https:\/\/www.comunicatur.info\/wp-content\/uploads\/2019\/07\/Instagram_BCNMoltM\u00e9s.jpg 1042w\" sizes=\"(max-width: 300px) 100vw, 300px\" \/>La cuenta de Instagram<em> Barcelona \u00e9s molt m\u00e9s<\/em>,<\/a> que es la marca de promoci\u00f3n tur\u00edstica de la Diputaci\u00f3n de Barcelona, naci\u00f3 en 2013 en el marco de un encuentro de Instagramers y con la idea de que llegara a ser un referente de inspiraci\u00f3n tur\u00edstica, especialmente para el p\u00fablico catal\u00e1n. La comunidad creada ha contribuido al \u00e9xito de la cuenta con m\u00e1s de 410.000 im\u00e1genes con la etiqueta principal <strong>#BCNmoltmes<\/strong>.<\/p>\n<p>A lo largo de estos seis a\u00f1os el trabajo de la comunidad ha ido creciendo en paralelo a la de los seguidores, que acaban convirti\u00e9ndose en prescriptores al sumar sus experiencias y sus lugares favoritos. As\u00ed la cuenta de Instagram tiene tres claves de \u00e9xito, que son la comunidad, la creatividad y la innovaci\u00f3n.<\/p>\n<p><img class=\"alignright size-medium wp-image-14132\" src=\"https:\/\/www.comunicatur.info\/wp-content\/uploads\/2019\/07\/IgerMap_Olga_BNCmoltmes-300x167.jpg\" alt=\"\" width=\"300\" height=\"167\" srcset=\"https:\/\/www.comunicatur.info\/wp-content\/uploads\/2019\/07\/IgerMap_Olga_BNCmoltmes-300x167.jpg 300w, https:\/\/www.comunicatur.info\/wp-content\/uploads\/2019\/07\/IgerMap_Olga_BNCmoltmes-768x429.jpg 768w, https:\/\/www.comunicatur.info\/wp-content\/uploads\/2019\/07\/IgerMap_Olga_BNCmoltmes-600x335.jpg 600w, https:\/\/www.comunicatur.info\/wp-content\/uploads\/2019\/07\/IgerMap_Olga_BNCmoltmes.jpg 842w\" sizes=\"(max-width: 300px) 100vw, 300px\" \/>En este sentido, en el a\u00f1o 2018 se dio un paso m\u00e1s <strong>al crear el mapa de la cultura de los <em>Igers<\/em><\/strong>, con recursos culturales de las comarcas de Barcelona vista por los propios Instagramers. Y este a\u00f1o se ha sumado tambi\u00e9n un mapa de naturaleza de las comarcas barcelonesas.<\/p>\n<p>El plan de marketing 2017-2020 del \u00e1rea tur\u00edstica de la Diputaci\u00f3n de Barcelona ya preve\u00eda dar un impulso a la estrategia digital. Y para ello Instagram ha sido una magn\u00edfica herramienta, ya que se basa en la imagen y el v\u00eddeo. Pero como una buena red social, evoluciona constantemente y \u00faltimamente ha incorporado nuevos formatos para reinventarse, como la opci\u00f3n del formato de las historias,<br \/>\nPara potenciar la cuenta, la Diputaci\u00f3n organiza encuentros de Instagramers, acciones con embajadores y los Igermaps.<\/p>\n<p><em><a href=\"https:\/\/youtu.be\/OH7Np5Ogz0I\" target=\"_blank\" rel=\"noopener\">Quiero ver un v\u00eddeo explicativo<\/a><\/em><\/p>\n","protected":false},"excerpt":{"rendered":"<p>Entre los diferentes tipos de redes sociales, Instagram se ha convertido cada vez m\u00e1s en un referente en el campo del turismo. Por ello, llegar a los 50.000 seguidores es un hito importante que la Diputaci\u00f3n de Barcelona celebra, al tiempo que anima a todo el mundo a participar. La cuenta de Instagram Barcelona \u00e9s &hellip;<\/p>\n","protected":false},"author":408,"featured_media":0,"comment_status":"closed","ping_status":"open","sticky":false,"template":"","format":"standard","meta":[],"categories":[62],"tags":[],"_links":{"self":[{"href":"https:\/\/www.comunicatur.info\/es\/wp-json\/wp\/v2\/posts\/14134"}],"collection":[{"href":"https:\/\/www.comunicatur.info\/es\/wp-json\/wp\/v2\/posts"}],"about":[{"href":"https:\/\/www.comunicatur.info\/es\/wp-json\/wp\/v2\/types\/post"}],"author":[{"embeddable":true,"href":"https:\/\/www.comunicatur.info\/es\/wp-json\/wp\/v2\/users\/408"}],"replies":[{"embeddable":true,"href":"https:\/\/www.comunicatur.info\/es\/wp-json\/wp\/v2\/comments?post=14134"}],"version-history":[{"count":1,"href":"https:\/\/www.comunicatur.info\/es\/wp-json\/wp\/v2\/posts\/14134\/revisions"}],"predecessor-version":[{"id":14135,"href":"https:\/\/www.comunicatur.info\/es\/wp-json\/wp\/v2\/posts\/14134\/revisions\/14135"}],"wp:attachment":[{"href":"https:\/\/www.comunicatur.info\/es\/wp-json\/wp\/v2\/media?parent=14134"}],"wp:term":[{"taxonomy":"category","embeddable":true,"href":"https:\/\/www.comunicatur.info\/es\/wp-json\/wp\/v2\/categories?post=14134"},{"taxonomy":"post_tag","embeddable":true,"href":"https:\/\/www.comunicatur.info\/es\/wp-json\/wp\/v2\/tags?post=14134"}],"curies":[{"name":"wp","href":"https:\/\/api.w.org\/{rel}","templated":true}]}}